{"id":4174,"date":"2024-04-30T15:06:13","date_gmt":"2024-04-30T13:06:13","guid":{"rendered":"https:\/\/dlb-aoer.de\/dreieich\/?p=4174"},"modified":"2024-04-30T15:08:07","modified_gmt":"2024-04-30T13:08:07","slug":"sauberhafter-kindertag-2","status":"publish","type":"post","link":"https:\/\/dlb-aoer.de\/dreieich\/sauberhafter-kindertag-2\/","title":{"rendered":"Sauberhafter Kindertag"},"content":{"rendered":"\t\t<div data-elementor-type=\"wp-post\" data-elementor-id=\"4174\" class=\"elementor elementor-4174\">\n\t\t\t\t\t\t\t\t\t<section class=\"elementor-section elementor-top-section elementor-element elementor-element-93d1de3 elementor-section-boxed elementor-section-height-default elementor-section-height-default\" data-id=\"93d1de3\" data-element_type=\"section\">\n\t\t\t\t\t\t<div class=\"elementor-container elementor-column-gap-default\">\n\t\t\t\t\t<div class=\"elementor-column elementor-col-100 elementor-top-column elementor-element elementor-element-a3be1dc\" data-id=\"a3be1dc\" data-element_type=\"column\">\n\t\t\t<div class=\"elementor-widget-wrap elementor-element-populated\">\n\t\t\t\t\t\t\t\t<div class=\"elementor-element elementor-element-3f18990 elementor-widget elementor-widget-text-editor\" data-id=\"3f18990\" data-element_type=\"widget\" data-widget_type=\"text-editor.default\">\n\t\t\t\t<div class=\"elementor-widget-container\">\n\t\t\t\t\t\t\t<p><strong>Unsere Kleinsten setzen Zeichen f\u00fcr den Umweltschutz<\/strong><\/p><p>\u201eSauberhafter Kindertag\u201c am 07. Mai 2024 in Dreieich<\/p><p>Am \u201eSauberhaften Kindertag\u201c sind wieder die Umweltsch\u00fctzer von morgen unterwegs. Gemeinsam mit zahlreichen anderen Kindern in ganz Hessen gehen die Kleinsten einiger Kitas in Dreieich mit gutem Beispiel voran und sammeln am Dienstag, den 07. Mai, leichtfertig weggeworfene Abf\u00e4lle ein. Und ganz nebenbei lernen sie noch etwas Wichtiges: Abfall geh\u00f6rt nicht auf den Boden, sondern in die M\u00fclltonne.<\/p><p>Gemeinsam rund um die Kindertagesst\u00e4tte Abfall sammeln ist eine tolle Erfahrung f\u00fcr die Kleinen. Die Kinder verstehen ganz schnell, dass das mit dem M\u00fcll in der Natur nicht richtig ist. Durch die Aktion k\u00f6nnen Kinder erleben, dass ihr eigenes Handeln etwas bewegt.<\/p><p>In Dreieich haben sich wieder einige Kitas zu dieser Aktion angemeldet. Insgesamt nehmen 8 Kinderg\u00e4rten mit zirka 200 Kindern an der Aktion teil. Die DLB A\u00f6R hat schon vor einigen Wochen zur Teilnahme aufgerufen. Alle angemeldeten Kinderg\u00e4rten werden an diesem Tag mit dem passenden Material ausgestattet, zudem k\u00fcmmert sich die DLB A\u00f6R nach der Aktion um die Entsorgung des M\u00fclls. Petra Klink, Vorstand DLB A\u00f6R freut sich \u00fcber die zahlreichen Anmeldungen: \u201eWir finden es wichtig, dass bereits Kinder im Kita-Alter f\u00fcr dieses Thema sensibilisiert werden. Die Kinder setzen sich spielerisch mit Verm\u00fcllung und Stadtsauberkeit auseinander und entwickeln ein Gesp\u00fcr f\u00fcr den richtigen Umgang mit Ihrer Umwelt.\u201c<\/p><p>B\u00fcrgermeister Martin Burlon bedankt sich beim DLB f\u00fcr die Organisation und lobt das Engagement der Kinderg\u00e4rten: \u201eIch freue mich sehr, dass viele Dreieicher Kitas dem Aufruf der DLB A\u00f6R gefolgt sind und sich an diesem Aktionstag beteiligen. So k\u00f6nnen auch die Kleinsten erfahren, dass Stadtsauberkeit eine Gemeinschaftsaufgabe ist. Mein besonderer Dank geht an die Erzieherinnen und Erzieher, die solche Aktionen durch Ihren unerm\u00fcdlichen Einsatz erst m\u00f6glich machen.<\/p><p>Folgende Einrichtungen sind am 09. Mai dabei:<\/p><p>Waldkindergarten Dreieich e.V., Kita Gravenbruchstra\u00dfe, Kita Birkenau, Kita Am Wilhelmshof, Kita Schulstra\u00dfe, Kita Zeisigweg, Ev. Kita G\u00f6tzenhain und Kinderkrippe Hegelstra\u00dfe.<\/p><p>Der \u201eSauberhafte Kindertag\u201c findet j\u00e4hrlich im Rahmen der Umweltkampagne der Hessischen Landesregierung \u201eSauberhaftes Hessen\u201c statt. Ziel der Kampagne ist es, das Bewusstsein f\u00fcr eine intakte Umwelt, den Wert von Ressourcen und die Wichtigkeit von Abfallvermeidung zu sch\u00e4rfen. Mehr Informationen finden Sie unter <a href=\"http:\/\/www.dlb-aoer.de\">www.dlb-aoer.de<\/a> oder sauberhaftes-hessen.de sowie auf den Social Media-Kan\u00e4len facebook.com\/umwelthessen, twitter.com\/umwelthessen und instagram.com\/umwelthessen.<\/p><p>\u00a0<\/p>\t\t\t\t\t\t<\/div>\n\t\t\t\t<\/div>\n\t\t\t\t\t<\/div>\n\t\t<\/div>\n\t\t\t\t\t\t\t<\/div>\n\t\t<\/section>\n\t\t\t\t\t\t\t<\/div>\n\t\t","protected":false},"excerpt":{"rendered":"<p>Unsere Kleinsten setzen Zeichen f\u00fcr den Umweltschutz \u201eSauberhafter Kindertag\u201c am 07. Mai 2024 in Dreieich Am \u201eSauberhaften Kindertag\u201c sind wieder die Umweltsch\u00fctzer [&hellip;]<\/p>\n","protected":false},"author":2,"featured_media":0,"comment_status":"closed","ping_status":"closed","sticky":false,"template":"","format":"standard","meta":{"inline_featured_image":false,"footnotes":"","_links_to":"","_links_to_target":""},"categories":[1],"tags":[],"class_list":["post-4174","post","type-post","status-publish","format-standard","hentry","category-allgemein"],"yoast_head":"<!-- This site is optimized with the Yoast SEO plugin v21.6 - https:\/\/yoast.com\/wordpress\/plugins\/seo\/ -->\n<title>Sauberhafter Kindertag - DLB Dreieich<\/title>\n<meta name=\"robots\" content=\"noindex, follow\" \/>\n<meta property=\"og:locale\" content=\"de_DE\" \/>\n<meta property=\"og:type\" content=\"article\" \/>\n<meta property=\"og:title\" content=\"Sauberhafter Kindertag - DLB Dreieich\" \/>\n<meta property=\"og:description\" content=\"Unsere Kleinsten setzen Zeichen f\u00fcr den Umweltschutz \u201eSauberhafter Kindertag\u201c am 07. Mai 2024 in Dreieich Am \u201eSauberhaften Kindertag\u201c sind wieder die Umweltsch\u00fctzer [&hellip;]\" \/>\n<meta property=\"og:url\" content=\"https:\/\/dlb-aoer.de\/dreieich\/sauberhafter-kindertag-2\/\" \/>\n<meta property=\"og:site_name\" content=\"DLB Dreieich\" \/>\n<meta property=\"article:published_time\" content=\"2024-04-30T13:06:13+00:00\" \/>\n<meta property=\"article:modified_time\" content=\"2024-04-30T13:08:07+00:00\" \/>\n<meta name=\"author\" content=\"dlbcontent\" \/>\n<meta name=\"twitter:card\" content=\"summary_large_image\" \/>\n<meta name=\"twitter:label1\" content=\"Verfasst von\" \/>\n\t<meta name=\"twitter:data1\" content=\"dlbcontent\" \/>\n\t<meta name=\"twitter:label2\" content=\"Gesch\u00e4tzte Lesezeit\" \/>\n\t<meta name=\"twitter:data2\" content=\"3\u00a0Minuten\" \/>\n<script type=\"application\/ld+json\" class=\"yoast-schema-graph\">{\"@context\":\"https:\/\/schema.org\",\"@graph\":[{\"@type\":\"Article\",\"@id\":\"https:\/\/dlb-aoer.de\/dreieich\/sauberhafter-kindertag-2\/#article\",\"isPartOf\":{\"@id\":\"https:\/\/dlb-aoer.de\/dreieich\/sauberhafter-kindertag-2\/\"},\"author\":{\"name\":\"dlbcontent\",\"@id\":\"https:\/\/dlb-aoer.de\/dreieich\/#\/schema\/person\/ace12b78b8beb2c401214583e8abb0ea\"},\"headline\":\"Sauberhafter Kindertag\",\"datePublished\":\"2024-04-30T13:06:13+00:00\",\"dateModified\":\"2024-04-30T13:08:07+00:00\",\"mainEntityOfPage\":{\"@id\":\"https:\/\/dlb-aoer.de\/dreieich\/sauberhafter-kindertag-2\/\"},\"wordCount\":410,\"publisher\":{\"@id\":\"https:\/\/dlb-aoer.de\/dreieich\/#organization\"},\"inLanguage\":\"de\"},{\"@type\":\"WebPage\",\"@id\":\"https:\/\/dlb-aoer.de\/dreieich\/sauberhafter-kindertag-2\/\",\"url\":\"https:\/\/dlb-aoer.de\/dreieich\/sauberhafter-kindertag-2\/\",\"name\":\"Sauberhafter Kindertag - DLB Dreieich\",\"isPartOf\":{\"@id\":\"https:\/\/dlb-aoer.de\/dreieich\/#website\"},\"datePublished\":\"2024-04-30T13:06:13+00:00\",\"dateModified\":\"2024-04-30T13:08:07+00:00\",\"breadcrumb\":{\"@id\":\"https:\/\/dlb-aoer.de\/dreieich\/sauberhafter-kindertag-2\/#breadcrumb\"},\"inLanguage\":\"de\",\"potentialAction\":[{\"@type\":\"ReadAction\",\"target\":[\"https:\/\/dlb-aoer.de\/dreieich\/sauberhafter-kindertag-2\/\"]}]},{\"@type\":\"BreadcrumbList\",\"@id\":\"https:\/\/dlb-aoer.de\/dreieich\/sauberhafter-kindertag-2\/#breadcrumb\",\"itemListElement\":[{\"@type\":\"ListItem\",\"position\":1,\"name\":\"Startseite\",\"item\":\"https:\/\/dlb-aoer.de\/dreieich\/\"},{\"@type\":\"ListItem\",\"position\":2,\"name\":\"Sauberhafter Kindertag\"}]},{\"@type\":\"WebSite\",\"@id\":\"https:\/\/dlb-aoer.de\/dreieich\/#website\",\"url\":\"https:\/\/dlb-aoer.de\/dreieich\/\",\"name\":\"DLB Dreieich\",\"description\":\"\",\"publisher\":{\"@id\":\"https:\/\/dlb-aoer.de\/dreieich\/#organization\"},\"potentialAction\":[{\"@type\":\"SearchAction\",\"target\":{\"@type\":\"EntryPoint\",\"urlTemplate\":\"https:\/\/dlb-aoer.de\/dreieich\/?s={search_term_string}\"},\"query-input\":\"required name=search_term_string\"}],\"inLanguage\":\"de\"},{\"@type\":\"Organization\",\"@id\":\"https:\/\/dlb-aoer.de\/dreieich\/#organization\",\"name\":\"Dienstleistungsbetrieb Dreieich und Neu-Isenburg A\u00f6R\",\"url\":\"https:\/\/dlb-aoer.de\/dreieich\/\",\"logo\":{\"@type\":\"ImageObject\",\"inLanguage\":\"de\",\"@id\":\"https:\/\/dlb-aoer.de\/dreieich\/#\/schema\/logo\/image\/\",\"url\":\"https:\/\/dlb-aoer.de\/dreieich\/wp-content\/uploads\/sites\/4\/2019\/10\/DLB_Logo_orange.svg\",\"contentUrl\":\"https:\/\/dlb-aoer.de\/dreieich\/wp-content\/uploads\/sites\/4\/2019\/10\/DLB_Logo_orange.svg\",\"width\":1,\"height\":1,\"caption\":\"Dienstleistungsbetrieb Dreieich und Neu-Isenburg A\u00f6R\"},\"image\":{\"@id\":\"https:\/\/dlb-aoer.de\/dreieich\/#\/schema\/logo\/image\/\"}},{\"@type\":\"Person\",\"@id\":\"https:\/\/dlb-aoer.de\/dreieich\/#\/schema\/person\/ace12b78b8beb2c401214583e8abb0ea\",\"name\":\"dlbcontent\",\"image\":{\"@type\":\"ImageObject\",\"inLanguage\":\"de\",\"@id\":\"https:\/\/dlb-aoer.de\/dreieich\/#\/schema\/person\/image\/\",\"url\":\"https:\/\/secure.gravatar.com\/avatar\/9b83944ad4bb586f5b061e177ec90421c57dc65897720d856030931fc4ed8394?s=96&d=mm&r=g\",\"contentUrl\":\"https:\/\/secure.gravatar.com\/avatar\/9b83944ad4bb586f5b061e177ec90421c57dc65897720d856030931fc4ed8394?s=96&d=mm&r=g\",\"caption\":\"dlbcontent\"}}]}<\/script>\n<!-- \/ Yoast SEO plugin. -->","yoast_head_json":{"title":"Sauberhafter Kindertag - DLB Dreieich","robots":{"index":"noindex","follow":"follow"},"og_locale":"de_DE","og_type":"article","og_title":"Sauberhafter Kindertag - DLB Dreieich","og_description":"Unsere Kleinsten setzen Zeichen f\u00fcr den Umweltschutz \u201eSauberhafter Kindertag\u201c am 07. Mai 2024 in Dreieich Am \u201eSauberhaften Kindertag\u201c sind wieder die Umweltsch\u00fctzer [&hellip;]","og_url":"https:\/\/dlb-aoer.de\/dreieich\/sauberhafter-kindertag-2\/","og_site_name":"DLB Dreieich","article_published_time":"2024-04-30T13:06:13+00:00","article_modified_time":"2024-04-30T13:08:07+00:00","author":"dlbcontent","twitter_card":"summary_large_image","twitter_misc":{"Verfasst von":"dlbcontent","Gesch\u00e4tzte Lesezeit":"3\u00a0Minuten"},"schema":{"@context":"https:\/\/schema.org","@graph":[{"@type":"Article","@id":"https:\/\/dlb-aoer.de\/dreieich\/sauberhafter-kindertag-2\/#article","isPartOf":{"@id":"https:\/\/dlb-aoer.de\/dreieich\/sauberhafter-kindertag-2\/"},"author":{"name":"dlbcontent","@id":"https:\/\/dlb-aoer.de\/dreieich\/#\/schema\/person\/ace12b78b8beb2c401214583e8abb0ea"},"headline":"Sauberhafter Kindertag","datePublished":"2024-04-30T13:06:13+00:00","dateModified":"2024-04-30T13:08:07+00:00","mainEntityOfPage":{"@id":"https:\/\/dlb-aoer.de\/dreieich\/sauberhafter-kindertag-2\/"},"wordCount":410,"publisher":{"@id":"https:\/\/dlb-aoer.de\/dreieich\/#organization"},"inLanguage":"de"},{"@type":"WebPage","@id":"https:\/\/dlb-aoer.de\/dreieich\/sauberhafter-kindertag-2\/","url":"https:\/\/dlb-aoer.de\/dreieich\/sauberhafter-kindertag-2\/","name":"Sauberhafter Kindertag - DLB Dreieich","isPartOf":{"@id":"https:\/\/dlb-aoer.de\/dreieich\/#website"},"datePublished":"2024-04-30T13:06:13+00:00","dateModified":"2024-04-30T13:08:07+00:00","breadcrumb":{"@id":"https:\/\/dlb-aoer.de\/dreieich\/sauberhafter-kindertag-2\/#breadcrumb"},"inLanguage":"de","potentialAction":[{"@type":"ReadAction","target":["https:\/\/dlb-aoer.de\/dreieich\/sauberhafter-kindertag-2\/"]}]},{"@type":"BreadcrumbList","@id":"https:\/\/dlb-aoer.de\/dreieich\/sauberhafter-kindertag-2\/#breadcrumb","itemListElement":[{"@type":"ListItem","position":1,"name":"Startseite","item":"https:\/\/dlb-aoer.de\/dreieich\/"},{"@type":"ListItem","position":2,"name":"Sauberhafter Kindertag"}]},{"@type":"WebSite","@id":"https:\/\/dlb-aoer.de\/dreieich\/#website","url":"https:\/\/dlb-aoer.de\/dreieich\/","name":"DLB Dreieich","description":"","publisher":{"@id":"https:\/\/dlb-aoer.de\/dreieich\/#organization"},"potentialAction":[{"@type":"SearchAction","target":{"@type":"EntryPoint","urlTemplate":"https:\/\/dlb-aoer.de\/dreieich\/?s={search_term_string}"},"query-input":"required name=search_term_string"}],"inLanguage":"de"},{"@type":"Organization","@id":"https:\/\/dlb-aoer.de\/dreieich\/#organization","name":"Dienstleistungsbetrieb Dreieich und Neu-Isenburg A\u00f6R","url":"https:\/\/dlb-aoer.de\/dreieich\/","logo":{"@type":"ImageObject","inLanguage":"de","@id":"https:\/\/dlb-aoer.de\/dreieich\/#\/schema\/logo\/image\/","url":"https:\/\/dlb-aoer.de\/dreieich\/wp-content\/uploads\/sites\/4\/2019\/10\/DLB_Logo_orange.svg","contentUrl":"https:\/\/dlb-aoer.de\/dreieich\/wp-content\/uploads\/sites\/4\/2019\/10\/DLB_Logo_orange.svg","width":1,"height":1,"caption":"Dienstleistungsbetrieb Dreieich und Neu-Isenburg A\u00f6R"},"image":{"@id":"https:\/\/dlb-aoer.de\/dreieich\/#\/schema\/logo\/image\/"}},{"@type":"Person","@id":"https:\/\/dlb-aoer.de\/dreieich\/#\/schema\/person\/ace12b78b8beb2c401214583e8abb0ea","name":"dlbcontent","image":{"@type":"ImageObject","inLanguage":"de","@id":"https:\/\/dlb-aoer.de\/dreieich\/#\/schema\/person\/image\/","url":"https:\/\/secure.gravatar.com\/avatar\/9b83944ad4bb586f5b061e177ec90421c57dc65897720d856030931fc4ed8394?s=96&d=mm&r=g","contentUrl":"https:\/\/secure.gravatar.com\/avatar\/9b83944ad4bb586f5b061e177ec90421c57dc65897720d856030931fc4ed8394?s=96&d=mm&r=g","caption":"dlbcontent"}}]}},"_links":{"self":[{"href":"https:\/\/dlb-aoer.de\/dreieich\/wp-json\/wp\/v2\/posts\/4174","targetHints":{"allow":["GET"]}}],"collection":[{"href":"https:\/\/dlb-aoer.de\/dreieich\/wp-json\/wp\/v2\/posts"}],"about":[{"href":"https:\/\/dlb-aoer.de\/dreieich\/wp-json\/wp\/v2\/types\/post"}],"author":[{"embeddable":true,"href":"https:\/\/dlb-aoer.de\/dreieich\/wp-json\/wp\/v2\/users\/2"}],"replies":[{"embeddable":true,"href":"https:\/\/dlb-aoer.de\/dreieich\/wp-json\/wp\/v2\/comments?post=4174"}],"version-history":[{"count":3,"href":"https:\/\/dlb-aoer.de\/dreieich\/wp-json\/wp\/v2\/posts\/4174\/revisions"}],"predecessor-version":[{"id":4177,"href":"https:\/\/dlb-aoer.de\/dreieich\/wp-json\/wp\/v2\/posts\/4174\/revisions\/4177"}],"wp:attachment":[{"href":"https:\/\/dlb-aoer.de\/dreieich\/wp-json\/wp\/v2\/media?parent=4174"}],"wp:term":[{"taxonomy":"category","embeddable":true,"href":"https:\/\/dlb-aoer.de\/dreieich\/wp-json\/wp\/v2\/categories?post=4174"},{"taxonomy":"post_tag","embeddable":true,"href":"https:\/\/dlb-aoer.de\/dreieich\/wp-json\/wp\/v2\/tags?post=4174"}],"curies":[{"name":"wp","href":"https:\/\/api.w.org\/{rel}","templated":true}]}}