{"id":4123,"date":"2024-02-23T11:58:31","date_gmt":"2024-02-23T10:58:31","guid":{"rendered":"https:\/\/dlb-aoer.de\/dreieich\/?p=4123"},"modified":"2024-03-21T12:00:32","modified_gmt":"2024-03-21T11:00:32","slug":"rezertifizierungsverfahren-stadtgruen-naturnah-dreieich","status":"publish","type":"post","link":"https:\/\/dlb-aoer.de\/dreieich\/rezertifizierungsverfahren-stadtgruen-naturnah-dreieich\/","title":{"rendered":"Rezertifizierungsverfahren \u201eStadtGr\u00fcn naturnah Dreieich&#8220;"},"content":{"rendered":"\t\t<div data-elementor-type=\"wp-post\" data-elementor-id=\"4123\" class=\"elementor elementor-4123\">\n\t\t\t\t\t\t\t\t\t<section class=\"elementor-section elementor-top-section elementor-element elementor-element-efe67c1 elementor-section-boxed elementor-section-height-default elementor-section-height-default\" data-id=\"efe67c1\" data-element_type=\"section\">\n\t\t\t\t\t\t<div class=\"elementor-container elementor-column-gap-default\">\n\t\t\t\t\t<div class=\"elementor-column elementor-col-100 elementor-top-column elementor-element elementor-element-78379b2\" data-id=\"78379b2\" data-element_type=\"column\">\n\t\t\t<div class=\"elementor-widget-wrap elementor-element-populated\">\n\t\t\t\t\t\t\t\t<div class=\"elementor-element elementor-element-813f8c7 elementor-widget elementor-widget-text-editor\" data-id=\"813f8c7\" data-element_type=\"widget\" data-widget_type=\"text-editor.default\">\n\t\t\t\t<div class=\"elementor-widget-container\">\n\t\t\t\t\t\t\t<p><strong>\u00d6kologisches Gr\u00fcnfl\u00e4chenmanagement als zentrale Ausrichtung:<\/strong><\/p><p><strong>Rezertifizierungsverfahren \u201eStadtGr\u00fcn naturnah Dreieich\u201c<\/strong> <strong>abgeschlossen<\/strong><strong>\u00a0<\/strong><\/p><p>Im Jahr 2020 wurde Dreieich mit dem Label \u201eStadtGr\u00fcn naturnah\u201c in Silber f\u00fcr eine naturnahe Gr\u00fcnfl\u00e4chenplanung und -pflege ausgezeichnet. Auf diesem Erfolg haben sich DLB A\u00f6R und Stadt aber nicht ausgeruht, sondern den eingeschlagenen Weg in den letzten drei Jahren konsequent weiterverfolgt. Jetzt wurde das Rezertifizierungsverfahren abgeschlossen und die Neubewertung steht aus.<\/p><p><strong>Das Label \u201cStadtGr\u00fcn naturnah\u201c<\/strong><\/p><p>Das Label \u201eStadtGr\u00fcn naturnah\u201c zeichnet vorbildliches Engagement in Sachen naturnaher Gr\u00fcnfl\u00e4chengestaltung und -pflege aus und macht dies bundesweit sichtbar. Die Bewertung der einzelnen Aktivit\u00e4ten erfolgt in den Handlungsfeldern Gr\u00fcnfl\u00e4chenunterhaltung, Interaktion mit B\u00fcrgerinnen und B\u00fcrgern sowie Zielsetzung und Planung.<\/p><p>Es wurde vom B\u00fcndnis Kommunen f\u00fcr biologische Vielfalt (Kommbio) und der Deutschen Umwelthilfe (DUH) gemeinsam entwickelt und wird im Bundesprogramm Biologische Vielfalt mit Mitteln des Bundesumweltministeriums gef\u00f6rdert. Seit 2018 werden j\u00e4hrlich 15 Kommunen gelabelt, der erste Jahrgang war 2023 in der Rezertifizierung. Au\u00dfer Dreieich wurden in den letzten Jahren auch Neu-Isenburg, Darmstadt und Frankfurt gelabelt. Insgesamt gibt es aktuell 65 entsprechend zertifizierte Kommunen in Deutschland.<\/p><p><strong>Vom Vielschnittrasen zur Wiese und vom Wechselflorbeet zur Staudenmischpflanzung<\/strong><\/p><p>In Dreieich wurde bereits in den 2010er-Jahren begonnen die Gr\u00fcnpflege umzustellen: Erste Wiesens\u00e4ume als Lebensraum f\u00fcr Insekten blieben stehen, hier und da wurde auf Gr\u00fcnanlagen der Vielschnittrasen in naturnahe Wiesen und Wechselflorfl\u00e4chen in Staudenmischpflanzungen umgewandelt und Baumtorsi (Restst\u00e4mme) blieben nach F\u00e4llungen, wo m\u00f6glich, stehen.<\/p><p>Die Stadt Dreieich hatte sich 2018 um die Teilnahme am Labeling-Verfahren <em>Stadtgr\u00fcn naturnah<\/em> beworben und wurde 2019 vom B\u00fcndnis \u201eKommunen f\u00fcr biologische Vielfalt\u201c f\u00fcr die Teilnahme am Labeling-Verfahren ausgew\u00e4hlt. Im Rahmen des Labelverfahrens wurde dann ein Ma\u00dfnahmenplan f\u00fcr die Jahre 2020 bis 2023 und eine Gr\u00fcnfl\u00e4chenstrategie entwickelt und von den st\u00e4dtischen Gremien verabschiedet.<\/p><p><strong>Silber f\u00fcr Dreieich im Jahr 2020!<\/strong><\/p><p>Mit gro\u00dfer Freude wurde das Label \u201eStadtgr\u00fcn naturnah\u201c in Silber 2020 aufgenommen. B\u00fcrgermeister Martin Burlon: \u201eWir alle freuten uns sehr \u00fcber das hervorragende Ergebnis 2020. Das war eine Auszeichnung f\u00fcr die gute Arbeit, die in diesem Bereich in den Jahren davor geleistet wurde. Gleichzeitig betrachteten es alle Akteure auch als ein Ansporn f\u00fcr die kommenden Jahre, den eingeschlagenen Weg fortzuf\u00fchren.\u201c<\/p><p>In den Jahren 2020 bis 2023 wurden dann die \u00f6kologischen Anstrengungen noch mal deutlich intensiviert: In gro\u00dfem Stil wurden Ma\u00dfnahmen aus dem Ma\u00dfnahmenplan zur F\u00f6rderung der Artenvielfalt in der Stadt umgesetzt: Umwandlung von Rasen- in Wiesenfl\u00e4chen, Belassen von S\u00e4umen um B\u00e4ume in Gr\u00fcnanlagen, Intensivierung von Entsiegelungsma\u00dfnahmen, Herstellung weiterer insektenfreundlicher Staudenmischpflanzungen, maschinelles Einbringen von Tausenden Fr\u00fchjahrsbl\u00fchern in Wiesen, Umbau des st\u00e4dtischen Baumbestandes mit trockenheitsvertr\u00e4glichen und resilienten Baumarten und Vergr\u00f6\u00dferung von Baumgruben, (wenn die vorhandenen nicht mehr zukunftsf\u00e4hig sind), Entwicklung von Natur-Pur-Pins mit QR-Code-Verweisen auf die DLB-Homepage zur Erl\u00e4uterung von Ma\u00dfnahmen, Umstellung auf klimawandelangepasstes Waldmanagement im Stadtwald, Verabschiedung einer Vorgartensatzung und vieles mehr.<\/p><p>Ein paar Zahlen, die diese Anstrengungen eindrucksvoll untermauern:<\/p><p>Von 2020 bis 2023 wurden<\/p><ul><li>552 qm Beton- und Pflasterfl\u00e4chen entsiegelt und in Gr\u00fcnfl\u00e4chen umgewandelt, bspw. durch Vergr\u00f6\u00dferung von Baumgruben,<\/li><li>knapp 2500 qm naturferne Gr\u00fcnfl\u00e4chen in naturnahe Fl\u00e4chen wie Staudenmischpflanzungen und heimische Geh\u00f6lzstrukturen umgewandelt,<\/li><li>knapp 20.000 qm Rasen- in Wiesenfl\u00e4chen umgewandelt (womit der Wiesenanteil jetzt bei fast 50% liegt) und<\/li><li>376 B\u00e4ume im Stadtgebiet mit dem Fokus auf Hitze- und Trockenstresstoleranz der Baumarten gepflanzt.<\/li><\/ul><p>\u00a0\u201eEine F\u00fclle an umgesetzten biodiversit\u00e4tsf\u00f6rdernden Ma\u00dfnahmen und ein stolze Bilanz, die die vielen Ver\u00e4nderungen in allen Bereichen der Gr\u00fcnplanung und &#8211; pflege hin zu mehr Artenvielfalt eindeutig dokumentieren\u201c, erl\u00e4utert Petra Klink, Vorstand der DLB A\u00f6R.<strong>\u00a0<\/strong><\/p><p><strong>Lokale Arbeitsgruppe als Prozessbegleiter<\/strong><\/p><p>Seit Beginn des Prozesses ist eine lokale Arbeitsgruppe (LAG) mit Vertretern der Stadt Dreieich, der DLB A\u00f6R, der Fraktionen des Stadtparlaments, BUND, Kr\u00e4utergarten eV, Bienenzuchtverein und einem Biologen aktiv. Die Projektleitung obliegt Lisa-Marie Schmandt und Sylvio J\u00e4ckel von der DLB A\u00f6R. Das letzte Treffen fand Ende Januar statt. Hier wurden die aktuelle Bestandserfassung und ein vom Projektleiterteam entwickelter anspruchsvoller Ma\u00dfnahmenplan f\u00fcr die Jahre 2024 bis 2026 vorgestellt und verabschiedet. Diese wurden jetzt an den Zertifizierer, Kommbio eV, weitergereicht.<\/p><p>Lisa-Marie Schmandt und Sylvio J\u00e4ckel blicken zufrieden auf die letzten drei Jahre zur\u00fcck: \u201eWir konnten sehr viel von den geplanten Ma\u00dfnahmen umsetzen und die R\u00fcckmeldungen von den B\u00fcrgern sind sehr gut, das freut uns. Auch die Zusammenarbeit mit Politik und Naturschutzverb\u00e4nden in der lokalen Arbeitsgruppe l\u00e4uft hervorragend, was ein zielgerichtetes Arbeiten erm\u00f6glicht. Nun sind wir sehr gespannt auf die Ergebnisse!\u201c<strong>\u00a0<\/strong><\/p><p><strong>Erg\u00e4nzende Informationen<\/strong><\/p><p><a href=\"https:\/\/www.dreieich.de\/zukunft-leben\/umwelt-natur\/klimaschutz\/klimaneutrale-kommune-dreieich\/stadgruen-naturnah\">https:\/\/www.dreieich.de\/zukunft-leben\/umwelt-natur\/klimaschutz\/klimaneutrale-kommune-dreieich\/stadgruen-naturnah<\/a><\/p><p><a href=\"https:\/\/www.stadtgr\u00fcn-naturnah.de\">https:\/\/www.stadtgr\u00fcn-naturnah.de<\/a><\/p><p>\u00a0<\/p>\t\t\t\t\t\t<\/div>\n\t\t\t\t<\/div>\n\t\t\t\t\t<\/div>\n\t\t<\/div>\n\t\t\t\t\t\t\t<\/div>\n\t\t<\/section>\n\t\t\t\t\t\t\t<\/div>\n\t\t","protected":false},"excerpt":{"rendered":"<p>\u00d6kologisches Gr\u00fcnfl\u00e4chenmanagement als zentrale Ausrichtung: Rezertifizierungsverfahren \u201eStadtGr\u00fcn naturnah Dreieich\u201c abgeschlossen\u00a0 Im Jahr 2020 wurde Dreieich mit dem Label \u201eStadtGr\u00fcn naturnah\u201c in Silber [&hellip;]<\/p>\n","protected":false},"author":2,"featured_media":0,"comment_status":"closed","ping_status":"closed","sticky":false,"template":"","format":"standard","meta":{"inline_featured_image":false,"footnotes":"","_links_to":"","_links_to_target":""},"categories":[1],"tags":[],"class_list":["post-4123","post","type-post","status-publish","format-standard","hentry","category-allgemein"],"yoast_head":"<!-- This site is optimized with the Yoast SEO plugin v21.6 - https:\/\/yoast.com\/wordpress\/plugins\/seo\/ -->\n<title>Rezertifizierungsverfahren \u201eStadtGr\u00fcn naturnah Dreieich&quot; - DLB Dreieich<\/title>\n<meta name=\"robots\" content=\"noindex, follow\" \/>\n<meta property=\"og:locale\" content=\"de_DE\" \/>\n<meta property=\"og:type\" content=\"article\" \/>\n<meta property=\"og:title\" content=\"Rezertifizierungsverfahren \u201eStadtGr\u00fcn naturnah Dreieich&quot; - DLB Dreieich\" \/>\n<meta property=\"og:description\" content=\"\u00d6kologisches Gr\u00fcnfl\u00e4chenmanagement als zentrale Ausrichtung: Rezertifizierungsverfahren \u201eStadtGr\u00fcn naturnah Dreieich\u201c abgeschlossen\u00a0 Im Jahr 2020 wurde Dreieich mit dem Label \u201eStadtGr\u00fcn naturnah\u201c in Silber [&hellip;]\" \/>\n<meta property=\"og:url\" content=\"https:\/\/dlb-aoer.de\/dreieich\/rezertifizierungsverfahren-stadtgruen-naturnah-dreieich\/\" \/>\n<meta property=\"og:site_name\" content=\"DLB Dreieich\" \/>\n<meta property=\"article:published_time\" content=\"2024-02-23T10:58:31+00:00\" \/>\n<meta property=\"article:modified_time\" content=\"2024-03-21T11:00:32+00:00\" \/>\n<meta name=\"author\" content=\"dlbcontent\" \/>\n<meta name=\"twitter:card\" content=\"summary_large_image\" \/>\n<meta name=\"twitter:label1\" content=\"Verfasst von\" \/>\n\t<meta name=\"twitter:data1\" content=\"dlbcontent\" \/>\n\t<meta name=\"twitter:label2\" content=\"Gesch\u00e4tzte Lesezeit\" \/>\n\t<meta name=\"twitter:data2\" content=\"4\u00a0Minuten\" \/>\n<script type=\"application\/ld+json\" class=\"yoast-schema-graph\">{\"@context\":\"https:\/\/schema.org\",\"@graph\":[{\"@type\":\"Article\",\"@id\":\"https:\/\/dlb-aoer.de\/dreieich\/rezertifizierungsverfahren-stadtgruen-naturnah-dreieich\/#article\",\"isPartOf\":{\"@id\":\"https:\/\/dlb-aoer.de\/dreieich\/rezertifizierungsverfahren-stadtgruen-naturnah-dreieich\/\"},\"author\":{\"name\":\"dlbcontent\",\"@id\":\"https:\/\/dlb-aoer.de\/dreieich\/#\/schema\/person\/ace12b78b8beb2c401214583e8abb0ea\"},\"headline\":\"Rezertifizierungsverfahren \u201eStadtGr\u00fcn naturnah Dreieich&#8220;\",\"datePublished\":\"2024-02-23T10:58:31+00:00\",\"dateModified\":\"2024-03-21T11:00:32+00:00\",\"mainEntityOfPage\":{\"@id\":\"https:\/\/dlb-aoer.de\/dreieich\/rezertifizierungsverfahren-stadtgruen-naturnah-dreieich\/\"},\"wordCount\":786,\"publisher\":{\"@id\":\"https:\/\/dlb-aoer.de\/dreieich\/#organization\"},\"inLanguage\":\"de\"},{\"@type\":\"WebPage\",\"@id\":\"https:\/\/dlb-aoer.de\/dreieich\/rezertifizierungsverfahren-stadtgruen-naturnah-dreieich\/\",\"url\":\"https:\/\/dlb-aoer.de\/dreieich\/rezertifizierungsverfahren-stadtgruen-naturnah-dreieich\/\",\"name\":\"Rezertifizierungsverfahren \u201eStadtGr\u00fcn naturnah Dreieich\\\" - DLB Dreieich\",\"isPartOf\":{\"@id\":\"https:\/\/dlb-aoer.de\/dreieich\/#website\"},\"datePublished\":\"2024-02-23T10:58:31+00:00\",\"dateModified\":\"2024-03-21T11:00:32+00:00\",\"breadcrumb\":{\"@id\":\"https:\/\/dlb-aoer.de\/dreieich\/rezertifizierungsverfahren-stadtgruen-naturnah-dreieich\/#breadcrumb\"},\"inLanguage\":\"de\",\"potentialAction\":[{\"@type\":\"ReadAction\",\"target\":[\"https:\/\/dlb-aoer.de\/dreieich\/rezertifizierungsverfahren-stadtgruen-naturnah-dreieich\/\"]}]},{\"@type\":\"BreadcrumbList\",\"@id\":\"https:\/\/dlb-aoer.de\/dreieich\/rezertifizierungsverfahren-stadtgruen-naturnah-dreieich\/#breadcrumb\",\"itemListElement\":[{\"@type\":\"ListItem\",\"position\":1,\"name\":\"Startseite\",\"item\":\"https:\/\/dlb-aoer.de\/dreieich\/\"},{\"@type\":\"ListItem\",\"position\":2,\"name\":\"Rezertifizierungsverfahren \u201eStadtGr\u00fcn naturnah Dreieich&#8220;\"}]},{\"@type\":\"WebSite\",\"@id\":\"https:\/\/dlb-aoer.de\/dreieich\/#website\",\"url\":\"https:\/\/dlb-aoer.de\/dreieich\/\",\"name\":\"DLB Dreieich\",\"description\":\"\",\"publisher\":{\"@id\":\"https:\/\/dlb-aoer.de\/dreieich\/#organization\"},\"potentialAction\":[{\"@type\":\"SearchAction\",\"target\":{\"@type\":\"EntryPoint\",\"urlTemplate\":\"https:\/\/dlb-aoer.de\/dreieich\/?s={search_term_string}\"},\"query-input\":\"required name=search_term_string\"}],\"inLanguage\":\"de\"},{\"@type\":\"Organization\",\"@id\":\"https:\/\/dlb-aoer.de\/dreieich\/#organization\",\"name\":\"Dienstleistungsbetrieb Dreieich und Neu-Isenburg A\u00f6R\",\"url\":\"https:\/\/dlb-aoer.de\/dreieich\/\",\"logo\":{\"@type\":\"ImageObject\",\"inLanguage\":\"de\",\"@id\":\"https:\/\/dlb-aoer.de\/dreieich\/#\/schema\/logo\/image\/\",\"url\":\"https:\/\/dlb-aoer.de\/dreieich\/wp-content\/uploads\/sites\/4\/2019\/10\/DLB_Logo_orange.svg\",\"contentUrl\":\"https:\/\/dlb-aoer.de\/dreieich\/wp-content\/uploads\/sites\/4\/2019\/10\/DLB_Logo_orange.svg\",\"width\":1,\"height\":1,\"caption\":\"Dienstleistungsbetrieb Dreieich und Neu-Isenburg A\u00f6R\"},\"image\":{\"@id\":\"https:\/\/dlb-aoer.de\/dreieich\/#\/schema\/logo\/image\/\"}},{\"@type\":\"Person\",\"@id\":\"https:\/\/dlb-aoer.de\/dreieich\/#\/schema\/person\/ace12b78b8beb2c401214583e8abb0ea\",\"name\":\"dlbcontent\",\"image\":{\"@type\":\"ImageObject\",\"inLanguage\":\"de\",\"@id\":\"https:\/\/dlb-aoer.de\/dreieich\/#\/schema\/person\/image\/\",\"url\":\"https:\/\/secure.gravatar.com\/avatar\/9b83944ad4bb586f5b061e177ec90421c57dc65897720d856030931fc4ed8394?s=96&d=mm&r=g\",\"contentUrl\":\"https:\/\/secure.gravatar.com\/avatar\/9b83944ad4bb586f5b061e177ec90421c57dc65897720d856030931fc4ed8394?s=96&d=mm&r=g\",\"caption\":\"dlbcontent\"}}]}<\/script>\n<!-- \/ Yoast SEO plugin. -->","yoast_head_json":{"title":"Rezertifizierungsverfahren \u201eStadtGr\u00fcn naturnah Dreieich\" - DLB Dreieich","robots":{"index":"noindex","follow":"follow"},"og_locale":"de_DE","og_type":"article","og_title":"Rezertifizierungsverfahren \u201eStadtGr\u00fcn naturnah Dreieich\" - DLB Dreieich","og_description":"\u00d6kologisches Gr\u00fcnfl\u00e4chenmanagement als zentrale Ausrichtung: Rezertifizierungsverfahren \u201eStadtGr\u00fcn naturnah Dreieich\u201c abgeschlossen\u00a0 Im Jahr 2020 wurde Dreieich mit dem Label \u201eStadtGr\u00fcn naturnah\u201c in Silber [&hellip;]","og_url":"https:\/\/dlb-aoer.de\/dreieich\/rezertifizierungsverfahren-stadtgruen-naturnah-dreieich\/","og_site_name":"DLB Dreieich","article_published_time":"2024-02-23T10:58:31+00:00","article_modified_time":"2024-03-21T11:00:32+00:00","author":"dlbcontent","twitter_card":"summary_large_image","twitter_misc":{"Verfasst von":"dlbcontent","Gesch\u00e4tzte Lesezeit":"4\u00a0Minuten"},"schema":{"@context":"https:\/\/schema.org","@graph":[{"@type":"Article","@id":"https:\/\/dlb-aoer.de\/dreieich\/rezertifizierungsverfahren-stadtgruen-naturnah-dreieich\/#article","isPartOf":{"@id":"https:\/\/dlb-aoer.de\/dreieich\/rezertifizierungsverfahren-stadtgruen-naturnah-dreieich\/"},"author":{"name":"dlbcontent","@id":"https:\/\/dlb-aoer.de\/dreieich\/#\/schema\/person\/ace12b78b8beb2c401214583e8abb0ea"},"headline":"Rezertifizierungsverfahren \u201eStadtGr\u00fcn naturnah Dreieich&#8220;","datePublished":"2024-02-23T10:58:31+00:00","dateModified":"2024-03-21T11:00:32+00:00","mainEntityOfPage":{"@id":"https:\/\/dlb-aoer.de\/dreieich\/rezertifizierungsverfahren-stadtgruen-naturnah-dreieich\/"},"wordCount":786,"publisher":{"@id":"https:\/\/dlb-aoer.de\/dreieich\/#organization"},"inLanguage":"de"},{"@type":"WebPage","@id":"https:\/\/dlb-aoer.de\/dreieich\/rezertifizierungsverfahren-stadtgruen-naturnah-dreieich\/","url":"https:\/\/dlb-aoer.de\/dreieich\/rezertifizierungsverfahren-stadtgruen-naturnah-dreieich\/","name":"Rezertifizierungsverfahren \u201eStadtGr\u00fcn naturnah Dreieich\" - DLB Dreieich","isPartOf":{"@id":"https:\/\/dlb-aoer.de\/dreieich\/#website"},"datePublished":"2024-02-23T10:58:31+00:00","dateModified":"2024-03-21T11:00:32+00:00","breadcrumb":{"@id":"https:\/\/dlb-aoer.de\/dreieich\/rezertifizierungsverfahren-stadtgruen-naturnah-dreieich\/#breadcrumb"},"inLanguage":"de","potentialAction":[{"@type":"ReadAction","target":["https:\/\/dlb-aoer.de\/dreieich\/rezertifizierungsverfahren-stadtgruen-naturnah-dreieich\/"]}]},{"@type":"BreadcrumbList","@id":"https:\/\/dlb-aoer.de\/dreieich\/rezertifizierungsverfahren-stadtgruen-naturnah-dreieich\/#breadcrumb","itemListElement":[{"@type":"ListItem","position":1,"name":"Startseite","item":"https:\/\/dlb-aoer.de\/dreieich\/"},{"@type":"ListItem","position":2,"name":"Rezertifizierungsverfahren \u201eStadtGr\u00fcn naturnah Dreieich&#8220;"}]},{"@type":"WebSite","@id":"https:\/\/dlb-aoer.de\/dreieich\/#website","url":"https:\/\/dlb-aoer.de\/dreieich\/","name":"DLB Dreieich","description":"","publisher":{"@id":"https:\/\/dlb-aoer.de\/dreieich\/#organization"},"potentialAction":[{"@type":"SearchAction","target":{"@type":"EntryPoint","urlTemplate":"https:\/\/dlb-aoer.de\/dreieich\/?s={search_term_string}"},"query-input":"required name=search_term_string"}],"inLanguage":"de"},{"@type":"Organization","@id":"https:\/\/dlb-aoer.de\/dreieich\/#organization","name":"Dienstleistungsbetrieb Dreieich und Neu-Isenburg A\u00f6R","url":"https:\/\/dlb-aoer.de\/dreieich\/","logo":{"@type":"ImageObject","inLanguage":"de","@id":"https:\/\/dlb-aoer.de\/dreieich\/#\/schema\/logo\/image\/","url":"https:\/\/dlb-aoer.de\/dreieich\/wp-content\/uploads\/sites\/4\/2019\/10\/DLB_Logo_orange.svg","contentUrl":"https:\/\/dlb-aoer.de\/dreieich\/wp-content\/uploads\/sites\/4\/2019\/10\/DLB_Logo_orange.svg","width":1,"height":1,"caption":"Dienstleistungsbetrieb Dreieich und Neu-Isenburg A\u00f6R"},"image":{"@id":"https:\/\/dlb-aoer.de\/dreieich\/#\/schema\/logo\/image\/"}},{"@type":"Person","@id":"https:\/\/dlb-aoer.de\/dreieich\/#\/schema\/person\/ace12b78b8beb2c401214583e8abb0ea","name":"dlbcontent","image":{"@type":"ImageObject","inLanguage":"de","@id":"https:\/\/dlb-aoer.de\/dreieich\/#\/schema\/person\/image\/","url":"https:\/\/secure.gravatar.com\/avatar\/9b83944ad4bb586f5b061e177ec90421c57dc65897720d856030931fc4ed8394?s=96&d=mm&r=g","contentUrl":"https:\/\/secure.gravatar.com\/avatar\/9b83944ad4bb586f5b061e177ec90421c57dc65897720d856030931fc4ed8394?s=96&d=mm&r=g","caption":"dlbcontent"}}]}},"_links":{"self":[{"href":"https:\/\/dlb-aoer.de\/dreieich\/wp-json\/wp\/v2\/posts\/4123","targetHints":{"allow":["GET"]}}],"collection":[{"href":"https:\/\/dlb-aoer.de\/dreieich\/wp-json\/wp\/v2\/posts"}],"about":[{"href":"https:\/\/dlb-aoer.de\/dreieich\/wp-json\/wp\/v2\/types\/post"}],"author":[{"embeddable":true,"href":"https:\/\/dlb-aoer.de\/dreieich\/wp-json\/wp\/v2\/users\/2"}],"replies":[{"embeddable":true,"href":"https:\/\/dlb-aoer.de\/dreieich\/wp-json\/wp\/v2\/comments?post=4123"}],"version-history":[{"count":4,"href":"https:\/\/dlb-aoer.de\/dreieich\/wp-json\/wp\/v2\/posts\/4123\/revisions"}],"predecessor-version":[{"id":4127,"href":"https:\/\/dlb-aoer.de\/dreieich\/wp-json\/wp\/v2\/posts\/4123\/revisions\/4127"}],"wp:attachment":[{"href":"https:\/\/dlb-aoer.de\/dreieich\/wp-json\/wp\/v2\/media?parent=4123"}],"wp:term":[{"taxonomy":"category","embeddable":true,"href":"https:\/\/dlb-aoer.de\/dreieich\/wp-json\/wp\/v2\/categories?post=4123"},{"taxonomy":"post_tag","embeddable":true,"href":"https:\/\/dlb-aoer.de\/dreieich\/wp-json\/wp\/v2\/tags?post=4123"}],"curies":[{"name":"wp","href":"https:\/\/api.w.org\/{rel}","templated":true}]}}