{"id":4085,"date":"2024-03-20T08:17:49","date_gmt":"2024-03-20T07:17:49","guid":{"rendered":"https:\/\/dlb-aoer.de\/dreieich\/?p=4085"},"modified":"2024-03-20T08:19:52","modified_gmt":"2024-03-20T07:19:52","slug":"vandalismus-im-buergerpark","status":"publish","type":"post","link":"https:\/\/dlb-aoer.de\/dreieich\/vandalismus-im-buergerpark\/","title":{"rendered":"Vandalismus im B\u00fcrgerpark"},"content":{"rendered":"\t\t<div data-elementor-type=\"wp-post\" data-elementor-id=\"4085\" class=\"elementor elementor-4085\">\n\t\t\t\t\t\t\t\t\t<section class=\"elementor-section elementor-top-section elementor-element elementor-element-e37168b elementor-section-boxed elementor-section-height-default elementor-section-height-default\" data-id=\"e37168b\" data-element_type=\"section\">\n\t\t\t\t\t\t<div class=\"elementor-container elementor-column-gap-default\">\n\t\t\t\t\t<div class=\"elementor-column elementor-col-100 elementor-top-column elementor-element elementor-element-7ca049c\" data-id=\"7ca049c\" data-element_type=\"column\">\n\t\t\t<div class=\"elementor-widget-wrap elementor-element-populated\">\n\t\t\t\t\t\t\t\t<div class=\"elementor-element elementor-element-5d0284e elementor-widget elementor-widget-text-editor\" data-id=\"5d0284e\" data-element_type=\"widget\" data-widget_type=\"text-editor.default\">\n\t\t\t\t<div class=\"elementor-widget-container\">\n\t\t\t\t\t\t\t<p><strong>Drei B\u00e4ume in Brand gesetzt, Sachschaden 5000 Euro.<\/strong><\/p><p>An der Parkour-Anlage im B\u00fcrgerpark gibt es einen neuen Fall von Vandalismus zu beklagen: Am Abend des 13. M\u00e4rz 2024 wurden drei B\u00e4ume in Brand gesetzt. Der Sachschaden beziffert sich auf circa 5.000 Euro. Die DLB A\u00f6R hat Strafanzeige gegen Unbekannt erstattet und bittet die B\u00fcrger um sachdienliche Hinweise.<\/p><p>Mit mehreren Streifenwagen waren Polizeibeamte am Mittwochabend, den 13. M\u00e4rz 2024 in Dreieich unterwegs und kontrollierten mehr als 20 Personen, nachdem es zuvor zwei Sachbesch\u00e4digungen durch Feuer und einer gef\u00e4hrlichen K\u00f6rperverletzung gekommen war. Gegen 22.25 Uhr wurden dann am Parkour-Park drei am Wegesrand stehende B\u00e4ume in Brand gesetzt. Auch der Inhalt eines M\u00fclleimers wurde angez\u00fcndet. Zeugen sprachen von drei bis vier Jugendlichen im Alter von 14 bis 18 Jahren, die f\u00fcr Tat verantwortlich sein sollen. Die 1,70 bis 1,80 gro\u00dfen Jugendlichen trugen allesamt schwarze Joggingbekleidung und seien in Richtung Stettiner Stra\u00dfe davongerannt. Eine hinzugerufene Streifenbesatzung l\u00f6schte das Feuer. Kurz nach 23 Uhr brannte ein Briefkasten in der Rosenaustra\u00dfe im Bereich der 30er-Hausnummern. Auch in diesem Fall sollen drei bis vier Jugendliche den Brand herbeigef\u00fchrt haben. Es k\u00f6nnte sich jeweils um die gleichen T\u00e4ter handeln.<\/p><p>Die DLB A\u00f6R und die Stadt Dreieich bitten nun die B\u00fcrger Dreieichs um weitere Hinweise, die zur Identifizierung der T\u00e4ter f\u00fchren k\u00f6nnen. Sachdienliche Hinweise nimmt die Polizeistation Neu-Isenburg unter der Telefonnummer 06102 2902-0 entgegen.<\/p>\t\t\t\t\t\t<\/div>\n\t\t\t\t<\/div>\n\t\t\t\t\t<\/div>\n\t\t<\/div>\n\t\t\t\t\t\t\t<\/div>\n\t\t<\/section>\n\t\t\t\t<section class=\"elementor-section elementor-top-section elementor-element elementor-element-0709cb8 elementor-section-boxed elementor-section-height-default elementor-section-height-default\" data-id=\"0709cb8\" data-element_type=\"section\">\n\t\t\t\t\t\t<div class=\"elementor-container elementor-column-gap-default\">\n\t\t\t\t\t<div class=\"elementor-column elementor-col-100 elementor-top-column elementor-element elementor-element-28e617f\" data-id=\"28e617f\" data-element_type=\"column\">\n\t\t\t<div class=\"elementor-widget-wrap elementor-element-populated\">\n\t\t\t\t\t\t\t\t<div class=\"elementor-element elementor-element-b0e1d6a elementor-widget elementor-widget-image\" data-id=\"b0e1d6a\" data-element_type=\"widget\" data-widget_type=\"image.default\">\n\t\t\t\t<div class=\"elementor-widget-container\">\n\t\t\t\t\t\t\t\t\t\t\t\t\t\t\t\t<a href=\"https:\/\/dlb-aoer.de\/dreieich\/wp-content\/uploads\/sites\/4\/2024\/03\/DLB_Vandalismus-Buergerpark-2030313-3.jpg\" data-elementor-open-lightbox=\"yes\" data-elementor-lightbox-title=\"DLB_Vandalismus B\u00fcrgerpark 2030313 (3)\" data-e-action-hash=\"#elementor-action%3Aaction%3Dlightbox%26settings%3DeyJpZCI6NDA4NywidXJsIjoiaHR0cHM6XC9cL2RsYi1hb2VyLmRlXC9kcmVpZWljaFwvd3AtY29udGVudFwvdXBsb2Fkc1wvc2l0ZXNcLzRcLzIwMjRcLzAzXC9ETEJfVmFuZGFsaXNtdXMtQnVlcmdlcnBhcmstMjAzMDMxMy0zLmpwZyJ9\">\n\t\t\t\t\t\t\t<img loading=\"lazy\" decoding=\"async\" width=\"169\" height=\"300\" src=\"https:\/\/dlb-aoer.de\/dreieich\/wp-content\/uploads\/sites\/4\/2024\/03\/DLB_Vandalismus-Buergerpark-2030313-3-169x300.jpg\" class=\"attachment-medium size-medium wp-image-4087\" alt=\"Jungbaum mit Brandspuren am Stamm.\" srcset=\"https:\/\/dlb-aoer.de\/dreieich\/wp-content\/uploads\/sites\/4\/2024\/03\/DLB_Vandalismus-Buergerpark-2030313-3-169x300.jpg 169w, https:\/\/dlb-aoer.de\/dreieich\/wp-content\/uploads\/sites\/4\/2024\/03\/DLB_Vandalismus-Buergerpark-2030313-3-576x1024.jpg 576w, https:\/\/dlb-aoer.de\/dreieich\/wp-content\/uploads\/sites\/4\/2024\/03\/DLB_Vandalismus-Buergerpark-2030313-3-768x1366.jpg 768w, https:\/\/dlb-aoer.de\/dreieich\/wp-content\/uploads\/sites\/4\/2024\/03\/DLB_Vandalismus-Buergerpark-2030313-3-864x1536.jpg 864w, https:\/\/dlb-aoer.de\/dreieich\/wp-content\/uploads\/sites\/4\/2024\/03\/DLB_Vandalismus-Buergerpark-2030313-3-230x409.jpg 230w, https:\/\/dlb-aoer.de\/dreieich\/wp-content\/uploads\/sites\/4\/2024\/03\/DLB_Vandalismus-Buergerpark-2030313-3-350x623.jpg 350w, https:\/\/dlb-aoer.de\/dreieich\/wp-content\/uploads\/sites\/4\/2024\/03\/DLB_Vandalismus-Buergerpark-2030313-3-480x854.jpg 480w, https:\/\/dlb-aoer.de\/dreieich\/wp-content\/uploads\/sites\/4\/2024\/03\/DLB_Vandalismus-Buergerpark-2030313-3.jpg 899w\" sizes=\"auto, (max-width: 169px) 100vw, 169px\" \/>\t\t\t\t\t\t\t\t<\/a>\n\t\t\t\t\t\t\t\t\t\t\t\t\t\t\t<\/div>\n\t\t\t\t<\/div>\n\t\t\t\t\t<\/div>\n\t\t<\/div>\n\t\t\t\t\t\t\t<\/div>\n\t\t<\/section>\n\t\t\t\t\t\t\t<\/div>\n\t\t","protected":false},"excerpt":{"rendered":"<p>Drei B\u00e4ume in Brand gesetzt, Sachschaden 5000 Euro. An der Parkour-Anlage im B\u00fcrgerpark gibt es einen neuen Fall von Vandalismus zu beklagen: [&hellip;]<\/p>\n","protected":false},"author":2,"featured_media":0,"comment_status":"closed","ping_status":"closed","sticky":false,"template":"","format":"standard","meta":{"inline_featured_image":false,"footnotes":"","_links_to":"","_links_to_target":""},"categories":[1],"tags":[],"class_list":["post-4085","post","type-post","status-publish","format-standard","hentry","category-allgemein"],"yoast_head":"<!-- This site is optimized with the Yoast SEO plugin v21.6 - https:\/\/yoast.com\/wordpress\/plugins\/seo\/ -->\n<title>Vandalismus im B\u00fcrgerpark - DLB Dreieich<\/title>\n<meta name=\"robots\" content=\"noindex, follow\" \/>\n<meta property=\"og:locale\" content=\"de_DE\" \/>\n<meta property=\"og:type\" content=\"article\" \/>\n<meta property=\"og:title\" content=\"Vandalismus im B\u00fcrgerpark - DLB Dreieich\" \/>\n<meta property=\"og:description\" content=\"Drei B\u00e4ume in Brand gesetzt, Sachschaden 5000 Euro. An der Parkour-Anlage im B\u00fcrgerpark gibt es einen neuen Fall von Vandalismus zu beklagen: [&hellip;]\" \/>\n<meta property=\"og:url\" content=\"https:\/\/dlb-aoer.de\/dreieich\/vandalismus-im-buergerpark\/\" \/>\n<meta property=\"og:site_name\" content=\"DLB Dreieich\" \/>\n<meta property=\"article:published_time\" content=\"2024-03-20T07:17:49+00:00\" \/>\n<meta property=\"article:modified_time\" content=\"2024-03-20T07:19:52+00:00\" \/>\n<meta property=\"og:image\" content=\"https:\/\/dlb-aoer.de\/dreieich\/wp-content\/uploads\/sites\/4\/2024\/03\/DLB_Vandalismus-Buergerpark-2030313-3-169x300.jpg\" \/>\n<meta name=\"author\" content=\"dlbcontent\" \/>\n<meta name=\"twitter:card\" content=\"summary_large_image\" \/>\n<meta name=\"twitter:label1\" content=\"Verfasst von\" \/>\n\t<meta name=\"twitter:data1\" content=\"dlbcontent\" \/>\n\t<meta name=\"twitter:label2\" content=\"Gesch\u00e4tzte Lesezeit\" \/>\n\t<meta name=\"twitter:data2\" content=\"2\u00a0Minuten\" \/>\n<script type=\"application\/ld+json\" class=\"yoast-schema-graph\">{\"@context\":\"https:\/\/schema.org\",\"@graph\":[{\"@type\":\"Article\",\"@id\":\"https:\/\/dlb-aoer.de\/dreieich\/vandalismus-im-buergerpark\/#article\",\"isPartOf\":{\"@id\":\"https:\/\/dlb-aoer.de\/dreieich\/vandalismus-im-buergerpark\/\"},\"author\":{\"name\":\"dlbcontent\",\"@id\":\"https:\/\/dlb-aoer.de\/dreieich\/#\/schema\/person\/ace12b78b8beb2c401214583e8abb0ea\"},\"headline\":\"Vandalismus im B\u00fcrgerpark\",\"datePublished\":\"2024-03-20T07:17:49+00:00\",\"dateModified\":\"2024-03-20T07:19:52+00:00\",\"mainEntityOfPage\":{\"@id\":\"https:\/\/dlb-aoer.de\/dreieich\/vandalismus-im-buergerpark\/\"},\"wordCount\":241,\"publisher\":{\"@id\":\"https:\/\/dlb-aoer.de\/dreieich\/#organization\"},\"inLanguage\":\"de\"},{\"@type\":\"WebPage\",\"@id\":\"https:\/\/dlb-aoer.de\/dreieich\/vandalismus-im-buergerpark\/\",\"url\":\"https:\/\/dlb-aoer.de\/dreieich\/vandalismus-im-buergerpark\/\",\"name\":\"Vandalismus im B\u00fcrgerpark - DLB Dreieich\",\"isPartOf\":{\"@id\":\"https:\/\/dlb-aoer.de\/dreieich\/#website\"},\"datePublished\":\"2024-03-20T07:17:49+00:00\",\"dateModified\":\"2024-03-20T07:19:52+00:00\",\"breadcrumb\":{\"@id\":\"https:\/\/dlb-aoer.de\/dreieich\/vandalismus-im-buergerpark\/#breadcrumb\"},\"inLanguage\":\"de\",\"potentialAction\":[{\"@type\":\"ReadAction\",\"target\":[\"https:\/\/dlb-aoer.de\/dreieich\/vandalismus-im-buergerpark\/\"]}]},{\"@type\":\"BreadcrumbList\",\"@id\":\"https:\/\/dlb-aoer.de\/dreieich\/vandalismus-im-buergerpark\/#breadcrumb\",\"itemListElement\":[{\"@type\":\"ListItem\",\"position\":1,\"name\":\"Startseite\",\"item\":\"https:\/\/dlb-aoer.de\/dreieich\/\"},{\"@type\":\"ListItem\",\"position\":2,\"name\":\"Vandalismus im B\u00fcrgerpark\"}]},{\"@type\":\"WebSite\",\"@id\":\"https:\/\/dlb-aoer.de\/dreieich\/#website\",\"url\":\"https:\/\/dlb-aoer.de\/dreieich\/\",\"name\":\"DLB Dreieich\",\"description\":\"\",\"publisher\":{\"@id\":\"https:\/\/dlb-aoer.de\/dreieich\/#organization\"},\"potentialAction\":[{\"@type\":\"SearchAction\",\"target\":{\"@type\":\"EntryPoint\",\"urlTemplate\":\"https:\/\/dlb-aoer.de\/dreieich\/?s={search_term_string}\"},\"query-input\":\"required name=search_term_string\"}],\"inLanguage\":\"de\"},{\"@type\":\"Organization\",\"@id\":\"https:\/\/dlb-aoer.de\/dreieich\/#organization\",\"name\":\"Dienstleistungsbetrieb Dreieich und Neu-Isenburg A\u00f6R\",\"url\":\"https:\/\/dlb-aoer.de\/dreieich\/\",\"logo\":{\"@type\":\"ImageObject\",\"inLanguage\":\"de\",\"@id\":\"https:\/\/dlb-aoer.de\/dreieich\/#\/schema\/logo\/image\/\",\"url\":\"https:\/\/dlb-aoer.de\/dreieich\/wp-content\/uploads\/sites\/4\/2019\/10\/DLB_Logo_orange.svg\",\"contentUrl\":\"https:\/\/dlb-aoer.de\/dreieich\/wp-content\/uploads\/sites\/4\/2019\/10\/DLB_Logo_orange.svg\",\"width\":1,\"height\":1,\"caption\":\"Dienstleistungsbetrieb Dreieich und Neu-Isenburg A\u00f6R\"},\"image\":{\"@id\":\"https:\/\/dlb-aoer.de\/dreieich\/#\/schema\/logo\/image\/\"}},{\"@type\":\"Person\",\"@id\":\"https:\/\/dlb-aoer.de\/dreieich\/#\/schema\/person\/ace12b78b8beb2c401214583e8abb0ea\",\"name\":\"dlbcontent\",\"image\":{\"@type\":\"ImageObject\",\"inLanguage\":\"de\",\"@id\":\"https:\/\/dlb-aoer.de\/dreieich\/#\/schema\/person\/image\/\",\"url\":\"https:\/\/secure.gravatar.com\/avatar\/9b83944ad4bb586f5b061e177ec90421c57dc65897720d856030931fc4ed8394?s=96&d=mm&r=g\",\"contentUrl\":\"https:\/\/secure.gravatar.com\/avatar\/9b83944ad4bb586f5b061e177ec90421c57dc65897720d856030931fc4ed8394?s=96&d=mm&r=g\",\"caption\":\"dlbcontent\"}}]}<\/script>\n<!-- \/ Yoast SEO plugin. -->","yoast_head_json":{"title":"Vandalismus im B\u00fcrgerpark - DLB Dreieich","robots":{"index":"noindex","follow":"follow"},"og_locale":"de_DE","og_type":"article","og_title":"Vandalismus im B\u00fcrgerpark - DLB Dreieich","og_description":"Drei B\u00e4ume in Brand gesetzt, Sachschaden 5000 Euro. An der Parkour-Anlage im B\u00fcrgerpark gibt es einen neuen Fall von Vandalismus zu beklagen: [&hellip;]","og_url":"https:\/\/dlb-aoer.de\/dreieich\/vandalismus-im-buergerpark\/","og_site_name":"DLB Dreieich","article_published_time":"2024-03-20T07:17:49+00:00","article_modified_time":"2024-03-20T07:19:52+00:00","og_image":[{"url":"https:\/\/dlb-aoer.de\/dreieich\/wp-content\/uploads\/sites\/4\/2024\/03\/DLB_Vandalismus-Buergerpark-2030313-3-169x300.jpg"}],"author":"dlbcontent","twitter_card":"summary_large_image","twitter_misc":{"Verfasst von":"dlbcontent","Gesch\u00e4tzte Lesezeit":"2\u00a0Minuten"},"schema":{"@context":"https:\/\/schema.org","@graph":[{"@type":"Article","@id":"https:\/\/dlb-aoer.de\/dreieich\/vandalismus-im-buergerpark\/#article","isPartOf":{"@id":"https:\/\/dlb-aoer.de\/dreieich\/vandalismus-im-buergerpark\/"},"author":{"name":"dlbcontent","@id":"https:\/\/dlb-aoer.de\/dreieich\/#\/schema\/person\/ace12b78b8beb2c401214583e8abb0ea"},"headline":"Vandalismus im B\u00fcrgerpark","datePublished":"2024-03-20T07:17:49+00:00","dateModified":"2024-03-20T07:19:52+00:00","mainEntityOfPage":{"@id":"https:\/\/dlb-aoer.de\/dreieich\/vandalismus-im-buergerpark\/"},"wordCount":241,"publisher":{"@id":"https:\/\/dlb-aoer.de\/dreieich\/#organization"},"inLanguage":"de"},{"@type":"WebPage","@id":"https:\/\/dlb-aoer.de\/dreieich\/vandalismus-im-buergerpark\/","url":"https:\/\/dlb-aoer.de\/dreieich\/vandalismus-im-buergerpark\/","name":"Vandalismus im B\u00fcrgerpark - DLB Dreieich","isPartOf":{"@id":"https:\/\/dlb-aoer.de\/dreieich\/#website"},"datePublished":"2024-03-20T07:17:49+00:00","dateModified":"2024-03-20T07:19:52+00:00","breadcrumb":{"@id":"https:\/\/dlb-aoer.de\/dreieich\/vandalismus-im-buergerpark\/#breadcrumb"},"inLanguage":"de","potentialAction":[{"@type":"ReadAction","target":["https:\/\/dlb-aoer.de\/dreieich\/vandalismus-im-buergerpark\/"]}]},{"@type":"BreadcrumbList","@id":"https:\/\/dlb-aoer.de\/dreieich\/vandalismus-im-buergerpark\/#breadcrumb","itemListElement":[{"@type":"ListItem","position":1,"name":"Startseite","item":"https:\/\/dlb-aoer.de\/dreieich\/"},{"@type":"ListItem","position":2,"name":"Vandalismus im B\u00fcrgerpark"}]},{"@type":"WebSite","@id":"https:\/\/dlb-aoer.de\/dreieich\/#website","url":"https:\/\/dlb-aoer.de\/dreieich\/","name":"DLB Dreieich","description":"","publisher":{"@id":"https:\/\/dlb-aoer.de\/dreieich\/#organization"},"potentialAction":[{"@type":"SearchAction","target":{"@type":"EntryPoint","urlTemplate":"https:\/\/dlb-aoer.de\/dreieich\/?s={search_term_string}"},"query-input":"required name=search_term_string"}],"inLanguage":"de"},{"@type":"Organization","@id":"https:\/\/dlb-aoer.de\/dreieich\/#organization","name":"Dienstleistungsbetrieb Dreieich und Neu-Isenburg A\u00f6R","url":"https:\/\/dlb-aoer.de\/dreieich\/","logo":{"@type":"ImageObject","inLanguage":"de","@id":"https:\/\/dlb-aoer.de\/dreieich\/#\/schema\/logo\/image\/","url":"https:\/\/dlb-aoer.de\/dreieich\/wp-content\/uploads\/sites\/4\/2019\/10\/DLB_Logo_orange.svg","contentUrl":"https:\/\/dlb-aoer.de\/dreieich\/wp-content\/uploads\/sites\/4\/2019\/10\/DLB_Logo_orange.svg","width":1,"height":1,"caption":"Dienstleistungsbetrieb Dreieich und Neu-Isenburg A\u00f6R"},"image":{"@id":"https:\/\/dlb-aoer.de\/dreieich\/#\/schema\/logo\/image\/"}},{"@type":"Person","@id":"https:\/\/dlb-aoer.de\/dreieich\/#\/schema\/person\/ace12b78b8beb2c401214583e8abb0ea","name":"dlbcontent","image":{"@type":"ImageObject","inLanguage":"de","@id":"https:\/\/dlb-aoer.de\/dreieich\/#\/schema\/person\/image\/","url":"https:\/\/secure.gravatar.com\/avatar\/9b83944ad4bb586f5b061e177ec90421c57dc65897720d856030931fc4ed8394?s=96&d=mm&r=g","contentUrl":"https:\/\/secure.gravatar.com\/avatar\/9b83944ad4bb586f5b061e177ec90421c57dc65897720d856030931fc4ed8394?s=96&d=mm&r=g","caption":"dlbcontent"}}]}},"_links":{"self":[{"href":"https:\/\/dlb-aoer.de\/dreieich\/wp-json\/wp\/v2\/posts\/4085","targetHints":{"allow":["GET"]}}],"collection":[{"href":"https:\/\/dlb-aoer.de\/dreieich\/wp-json\/wp\/v2\/posts"}],"about":[{"href":"https:\/\/dlb-aoer.de\/dreieich\/wp-json\/wp\/v2\/types\/post"}],"author":[{"embeddable":true,"href":"https:\/\/dlb-aoer.de\/dreieich\/wp-json\/wp\/v2\/users\/2"}],"replies":[{"embeddable":true,"href":"https:\/\/dlb-aoer.de\/dreieich\/wp-json\/wp\/v2\/comments?post=4085"}],"version-history":[{"count":4,"href":"https:\/\/dlb-aoer.de\/dreieich\/wp-json\/wp\/v2\/posts\/4085\/revisions"}],"predecessor-version":[{"id":4090,"href":"https:\/\/dlb-aoer.de\/dreieich\/wp-json\/wp\/v2\/posts\/4085\/revisions\/4090"}],"wp:attachment":[{"href":"https:\/\/dlb-aoer.de\/dreieich\/wp-json\/wp\/v2\/media?parent=4085"}],"wp:term":[{"taxonomy":"category","embeddable":true,"href":"https:\/\/dlb-aoer.de\/dreieich\/wp-json\/wp\/v2\/categories?post=4085"},{"taxonomy":"post_tag","embeddable":true,"href":"https:\/\/dlb-aoer.de\/dreieich\/wp-json\/wp\/v2\/tags?post=4085"}],"curies":[{"name":"wp","href":"https:\/\/api.w.org\/{rel}","templated":true}]}}