{"id":3472,"date":"2023-04-21T07:44:42","date_gmt":"2023-04-21T05:44:42","guid":{"rendered":"https:\/\/dlb-aoer.de\/dreieich\/?p=3472"},"modified":"2023-04-21T07:45:19","modified_gmt":"2023-04-21T05:45:19","slug":"brennholz-aus-dem-stadtwald-2","status":"publish","type":"post","link":"https:\/\/dlb-aoer.de\/dreieich\/brennholz-aus-dem-stadtwald-2\/","title":{"rendered":"<strong>Brennholz aus dem Stadtwald<\/strong>"},"content":{"rendered":"\t\t<div data-elementor-type=\"wp-post\" data-elementor-id=\"3472\" class=\"elementor elementor-3472\">\n\t\t\t\t\t\t\t\t\t<section class=\"elementor-section elementor-top-section elementor-element elementor-element-c073641 elementor-section-boxed elementor-section-height-default elementor-section-height-default\" data-id=\"c073641\" data-element_type=\"section\">\n\t\t\t\t\t\t<div class=\"elementor-container elementor-column-gap-default\">\n\t\t\t\t\t<div class=\"elementor-column elementor-col-100 elementor-top-column elementor-element elementor-element-614794d\" data-id=\"614794d\" data-element_type=\"column\">\n\t\t\t<div class=\"elementor-widget-wrap elementor-element-populated\">\n\t\t\t\t\t\t\t\t<div class=\"elementor-element elementor-element-dc61bf5 elementor-widget elementor-widget-text-editor\" data-id=\"dc61bf5\" data-element_type=\"widget\" data-widget_type=\"text-editor.default\">\n\t\t\t\t<div class=\"elementor-widget-container\">\n\t\t\t\t\t\t\t<p><strong>Brennholz aus dem Stadtwald in der Holzb\u00f6rse<\/strong><\/p><p>Die Nachfrage nach Brennholz ist im Zuge der Energiekrise auch in Dreieich deutlich gestiegen. Seit Anfang M\u00e4rz kann brennholztaugliches Energieholz von den B\u00fcrgern der Stadt in haushalts\u00fcblichen Mengen \u00fcber eine digitale Brennholzb\u00f6rse gekauft werden.<\/p><p>Diese Woche werden dort die f\u00fcr dieses Jahr voraussichtlich letzten Brennholzpolter eingestellt.<\/p><p>Um die gro\u00dfe Nachfrage zu decken hat die DLB A\u00f6R im Winterhalbjahr deutlich mehr brennholztaugliches Energieholz als in den Vorjahren f\u00fcr die B\u00fcrger bereitgestellt.<\/p><p>Unter dem Link <a href=\"https:\/\/holzb\u00f6rse.forstservice-taunus.de\/Dreieich\">https:\/\/holzb\u00f6rse.forstservice-taunus.de\/Dreieich<\/a> werden aktuell zur Verf\u00fcgung stehende Brennholzkontingente transparent eingestellt. Dadurch k\u00f6nnen sich die B\u00fcrger \u00fcber Holzqualit\u00e4t und Baumartenzusammensetzung des jeweiligen Holzloses vorab informieren.<\/p>\t\t\t\t\t\t<\/div>\n\t\t\t\t<\/div>\n\t\t\t\t\t<\/div>\n\t\t<\/div>\n\t\t\t\t\t\t\t<\/div>\n\t\t<\/section>\n\t\t\t\t\t\t\t<\/div>\n\t\t","protected":false},"excerpt":{"rendered":"<p>Brennholz aus dem Stadtwald in der Holzb\u00f6rse Die Nachfrage nach Brennholz ist im Zuge der Energiekrise auch in Dreieich deutlich gestiegen. Seit [&hellip;]<\/p>\n","protected":false},"author":2,"featured_media":0,"comment_status":"closed","ping_status":"closed","sticky":false,"template":"","format":"standard","meta":{"inline_featured_image":false,"footnotes":"","_links_to":"","_links_to_target":""},"categories":[1],"tags":[],"class_list":["post-3472","post","type-post","status-publish","format-standard","hentry","category-allgemein"],"yoast_head":"<!-- This site is optimized with the Yoast SEO plugin v21.6 - https:\/\/yoast.com\/wordpress\/plugins\/seo\/ -->\n<title>Brennholz aus dem Stadtwald - DLB Dreieich<\/title>\n<meta name=\"robots\" content=\"noindex, follow\" \/>\n<meta property=\"og:locale\" content=\"de_DE\" \/>\n<meta property=\"og:type\" content=\"article\" \/>\n<meta property=\"og:title\" content=\"Brennholz aus dem Stadtwald - DLB Dreieich\" \/>\n<meta property=\"og:description\" content=\"Brennholz aus dem Stadtwald in der Holzb\u00f6rse Die Nachfrage nach Brennholz ist im Zuge der Energiekrise auch in Dreieich deutlich gestiegen. Seit [&hellip;]\" \/>\n<meta property=\"og:url\" content=\"https:\/\/dlb-aoer.de\/dreieich\/brennholz-aus-dem-stadtwald-2\/\" \/>\n<meta property=\"og:site_name\" content=\"DLB Dreieich\" \/>\n<meta property=\"article:published_time\" content=\"2023-04-21T05:44:42+00:00\" \/>\n<meta property=\"article:modified_time\" content=\"2023-04-21T05:45:19+00:00\" \/>\n<meta name=\"author\" content=\"dlbcontent\" \/>\n<meta name=\"twitter:card\" content=\"summary_large_image\" \/>\n<meta name=\"twitter:label1\" content=\"Verfasst von\" \/>\n\t<meta name=\"twitter:data1\" content=\"dlbcontent\" \/>\n<script type=\"application\/ld+json\" class=\"yoast-schema-graph\">{\"@context\":\"https:\/\/schema.org\",\"@graph\":[{\"@type\":\"Article\",\"@id\":\"https:\/\/dlb-aoer.de\/dreieich\/brennholz-aus-dem-stadtwald-2\/#article\",\"isPartOf\":{\"@id\":\"https:\/\/dlb-aoer.de\/dreieich\/brennholz-aus-dem-stadtwald-2\/\"},\"author\":{\"name\":\"dlbcontent\",\"@id\":\"https:\/\/dlb-aoer.de\/dreieich\/#\/schema\/person\/ace12b78b8beb2c401214583e8abb0ea\"},\"headline\":\"Brennholz aus dem Stadtwald\",\"datePublished\":\"2023-04-21T05:44:42+00:00\",\"dateModified\":\"2023-04-21T05:45:19+00:00\",\"mainEntityOfPage\":{\"@id\":\"https:\/\/dlb-aoer.de\/dreieich\/brennholz-aus-dem-stadtwald-2\/\"},\"wordCount\":126,\"publisher\":{\"@id\":\"https:\/\/dlb-aoer.de\/dreieich\/#organization\"},\"inLanguage\":\"de\"},{\"@type\":\"WebPage\",\"@id\":\"https:\/\/dlb-aoer.de\/dreieich\/brennholz-aus-dem-stadtwald-2\/\",\"url\":\"https:\/\/dlb-aoer.de\/dreieich\/brennholz-aus-dem-stadtwald-2\/\",\"name\":\"Brennholz aus dem Stadtwald - DLB Dreieich\",\"isPartOf\":{\"@id\":\"https:\/\/dlb-aoer.de\/dreieich\/#website\"},\"datePublished\":\"2023-04-21T05:44:42+00:00\",\"dateModified\":\"2023-04-21T05:45:19+00:00\",\"breadcrumb\":{\"@id\":\"https:\/\/dlb-aoer.de\/dreieich\/brennholz-aus-dem-stadtwald-2\/#breadcrumb\"},\"inLanguage\":\"de\",\"potentialAction\":[{\"@type\":\"ReadAction\",\"target\":[\"https:\/\/dlb-aoer.de\/dreieich\/brennholz-aus-dem-stadtwald-2\/\"]}]},{\"@type\":\"BreadcrumbList\",\"@id\":\"https:\/\/dlb-aoer.de\/dreieich\/brennholz-aus-dem-stadtwald-2\/#breadcrumb\",\"itemListElement\":[{\"@type\":\"ListItem\",\"position\":1,\"name\":\"Startseite\",\"item\":\"https:\/\/dlb-aoer.de\/dreieich\/\"},{\"@type\":\"ListItem\",\"position\":2,\"name\":\"Brennholz aus dem Stadtwald\"}]},{\"@type\":\"WebSite\",\"@id\":\"https:\/\/dlb-aoer.de\/dreieich\/#website\",\"url\":\"https:\/\/dlb-aoer.de\/dreieich\/\",\"name\":\"DLB Dreieich\",\"description\":\"\",\"publisher\":{\"@id\":\"https:\/\/dlb-aoer.de\/dreieich\/#organization\"},\"potentialAction\":[{\"@type\":\"SearchAction\",\"target\":{\"@type\":\"EntryPoint\",\"urlTemplate\":\"https:\/\/dlb-aoer.de\/dreieich\/?s={search_term_string}\"},\"query-input\":\"required name=search_term_string\"}],\"inLanguage\":\"de\"},{\"@type\":\"Organization\",\"@id\":\"https:\/\/dlb-aoer.de\/dreieich\/#organization\",\"name\":\"Dienstleistungsbetrieb Dreieich und Neu-Isenburg A\u00f6R\",\"url\":\"https:\/\/dlb-aoer.de\/dreieich\/\",\"logo\":{\"@type\":\"ImageObject\",\"inLanguage\":\"de\",\"@id\":\"https:\/\/dlb-aoer.de\/dreieich\/#\/schema\/logo\/image\/\",\"url\":\"https:\/\/dlb-aoer.de\/dreieich\/wp-content\/uploads\/sites\/4\/2019\/10\/DLB_Logo_orange.svg\",\"contentUrl\":\"https:\/\/dlb-aoer.de\/dreieich\/wp-content\/uploads\/sites\/4\/2019\/10\/DLB_Logo_orange.svg\",\"width\":1,\"height\":1,\"caption\":\"Dienstleistungsbetrieb Dreieich und Neu-Isenburg A\u00f6R\"},\"image\":{\"@id\":\"https:\/\/dlb-aoer.de\/dreieich\/#\/schema\/logo\/image\/\"}},{\"@type\":\"Person\",\"@id\":\"https:\/\/dlb-aoer.de\/dreieich\/#\/schema\/person\/ace12b78b8beb2c401214583e8abb0ea\",\"name\":\"dlbcontent\",\"image\":{\"@type\":\"ImageObject\",\"inLanguage\":\"de\",\"@id\":\"https:\/\/dlb-aoer.de\/dreieich\/#\/schema\/person\/image\/\",\"url\":\"https:\/\/secure.gravatar.com\/avatar\/9b83944ad4bb586f5b061e177ec90421c57dc65897720d856030931fc4ed8394?s=96&d=mm&r=g\",\"contentUrl\":\"https:\/\/secure.gravatar.com\/avatar\/9b83944ad4bb586f5b061e177ec90421c57dc65897720d856030931fc4ed8394?s=96&d=mm&r=g\",\"caption\":\"dlbcontent\"}}]}<\/script>\n<!-- \/ Yoast SEO plugin. -->","yoast_head_json":{"title":"Brennholz aus dem Stadtwald - DLB Dreieich","robots":{"index":"noindex","follow":"follow"},"og_locale":"de_DE","og_type":"article","og_title":"Brennholz aus dem Stadtwald - DLB Dreieich","og_description":"Brennholz aus dem Stadtwald in der Holzb\u00f6rse Die Nachfrage nach Brennholz ist im Zuge der Energiekrise auch in Dreieich deutlich gestiegen. Seit [&hellip;]","og_url":"https:\/\/dlb-aoer.de\/dreieich\/brennholz-aus-dem-stadtwald-2\/","og_site_name":"DLB Dreieich","article_published_time":"2023-04-21T05:44:42+00:00","article_modified_time":"2023-04-21T05:45:19+00:00","author":"dlbcontent","twitter_card":"summary_large_image","twitter_misc":{"Verfasst von":"dlbcontent"},"schema":{"@context":"https:\/\/schema.org","@graph":[{"@type":"Article","@id":"https:\/\/dlb-aoer.de\/dreieich\/brennholz-aus-dem-stadtwald-2\/#article","isPartOf":{"@id":"https:\/\/dlb-aoer.de\/dreieich\/brennholz-aus-dem-stadtwald-2\/"},"author":{"name":"dlbcontent","@id":"https:\/\/dlb-aoer.de\/dreieich\/#\/schema\/person\/ace12b78b8beb2c401214583e8abb0ea"},"headline":"Brennholz aus dem Stadtwald","datePublished":"2023-04-21T05:44:42+00:00","dateModified":"2023-04-21T05:45:19+00:00","mainEntityOfPage":{"@id":"https:\/\/dlb-aoer.de\/dreieich\/brennholz-aus-dem-stadtwald-2\/"},"wordCount":126,"publisher":{"@id":"https:\/\/dlb-aoer.de\/dreieich\/#organization"},"inLanguage":"de"},{"@type":"WebPage","@id":"https:\/\/dlb-aoer.de\/dreieich\/brennholz-aus-dem-stadtwald-2\/","url":"https:\/\/dlb-aoer.de\/dreieich\/brennholz-aus-dem-stadtwald-2\/","name":"Brennholz aus dem Stadtwald - DLB Dreieich","isPartOf":{"@id":"https:\/\/dlb-aoer.de\/dreieich\/#website"},"datePublished":"2023-04-21T05:44:42+00:00","dateModified":"2023-04-21T05:45:19+00:00","breadcrumb":{"@id":"https:\/\/dlb-aoer.de\/dreieich\/brennholz-aus-dem-stadtwald-2\/#breadcrumb"},"inLanguage":"de","potentialAction":[{"@type":"ReadAction","target":["https:\/\/dlb-aoer.de\/dreieich\/brennholz-aus-dem-stadtwald-2\/"]}]},{"@type":"BreadcrumbList","@id":"https:\/\/dlb-aoer.de\/dreieich\/brennholz-aus-dem-stadtwald-2\/#breadcrumb","itemListElement":[{"@type":"ListItem","position":1,"name":"Startseite","item":"https:\/\/dlb-aoer.de\/dreieich\/"},{"@type":"ListItem","position":2,"name":"Brennholz aus dem Stadtwald"}]},{"@type":"WebSite","@id":"https:\/\/dlb-aoer.de\/dreieich\/#website","url":"https:\/\/dlb-aoer.de\/dreieich\/","name":"DLB Dreieich","description":"","publisher":{"@id":"https:\/\/dlb-aoer.de\/dreieich\/#organization"},"potentialAction":[{"@type":"SearchAction","target":{"@type":"EntryPoint","urlTemplate":"https:\/\/dlb-aoer.de\/dreieich\/?s={search_term_string}"},"query-input":"required name=search_term_string"}],"inLanguage":"de"},{"@type":"Organization","@id":"https:\/\/dlb-aoer.de\/dreieich\/#organization","name":"Dienstleistungsbetrieb Dreieich und Neu-Isenburg A\u00f6R","url":"https:\/\/dlb-aoer.de\/dreieich\/","logo":{"@type":"ImageObject","inLanguage":"de","@id":"https:\/\/dlb-aoer.de\/dreieich\/#\/schema\/logo\/image\/","url":"https:\/\/dlb-aoer.de\/dreieich\/wp-content\/uploads\/sites\/4\/2019\/10\/DLB_Logo_orange.svg","contentUrl":"https:\/\/dlb-aoer.de\/dreieich\/wp-content\/uploads\/sites\/4\/2019\/10\/DLB_Logo_orange.svg","width":1,"height":1,"caption":"Dienstleistungsbetrieb Dreieich und Neu-Isenburg A\u00f6R"},"image":{"@id":"https:\/\/dlb-aoer.de\/dreieich\/#\/schema\/logo\/image\/"}},{"@type":"Person","@id":"https:\/\/dlb-aoer.de\/dreieich\/#\/schema\/person\/ace12b78b8beb2c401214583e8abb0ea","name":"dlbcontent","image":{"@type":"ImageObject","inLanguage":"de","@id":"https:\/\/dlb-aoer.de\/dreieich\/#\/schema\/person\/image\/","url":"https:\/\/secure.gravatar.com\/avatar\/9b83944ad4bb586f5b061e177ec90421c57dc65897720d856030931fc4ed8394?s=96&d=mm&r=g","contentUrl":"https:\/\/secure.gravatar.com\/avatar\/9b83944ad4bb586f5b061e177ec90421c57dc65897720d856030931fc4ed8394?s=96&d=mm&r=g","caption":"dlbcontent"}}]}},"_links":{"self":[{"href":"https:\/\/dlb-aoer.de\/dreieich\/wp-json\/wp\/v2\/posts\/3472","targetHints":{"allow":["GET"]}}],"collection":[{"href":"https:\/\/dlb-aoer.de\/dreieich\/wp-json\/wp\/v2\/posts"}],"about":[{"href":"https:\/\/dlb-aoer.de\/dreieich\/wp-json\/wp\/v2\/types\/post"}],"author":[{"embeddable":true,"href":"https:\/\/dlb-aoer.de\/dreieich\/wp-json\/wp\/v2\/users\/2"}],"replies":[{"embeddable":true,"href":"https:\/\/dlb-aoer.de\/dreieich\/wp-json\/wp\/v2\/comments?post=3472"}],"version-history":[{"count":4,"href":"https:\/\/dlb-aoer.de\/dreieich\/wp-json\/wp\/v2\/posts\/3472\/revisions"}],"predecessor-version":[{"id":3476,"href":"https:\/\/dlb-aoer.de\/dreieich\/wp-json\/wp\/v2\/posts\/3472\/revisions\/3476"}],"wp:attachment":[{"href":"https:\/\/dlb-aoer.de\/dreieich\/wp-json\/wp\/v2\/media?parent=3472"}],"wp:term":[{"taxonomy":"category","embeddable":true,"href":"https:\/\/dlb-aoer.de\/dreieich\/wp-json\/wp\/v2\/categories?post=3472"},{"taxonomy":"post_tag","embeddable":true,"href":"https:\/\/dlb-aoer.de\/dreieich\/wp-json\/wp\/v2\/tags?post=3472"}],"curies":[{"name":"wp","href":"https:\/\/api.w.org\/{rel}","templated":true}]}}