{"id":3138,"date":"2022-11-23T12:43:07","date_gmt":"2022-11-23T11:43:07","guid":{"rendered":"https:\/\/dlb-aoer.de\/dreieich\/?p=3138"},"modified":"2022-11-23T12:44:11","modified_gmt":"2022-11-23T11:44:11","slug":"adventszeit","status":"publish","type":"post","link":"https:\/\/dlb-aoer.de\/dreieich\/adventszeit\/","title":{"rendered":"Adventszeit"},"content":{"rendered":"\t\t<div data-elementor-type=\"wp-post\" data-elementor-id=\"3138\" class=\"elementor elementor-3138\">\n\t\t\t\t\t\t\t\t\t<section class=\"elementor-section elementor-top-section elementor-element elementor-element-cac9891 elementor-section-boxed elementor-section-height-default elementor-section-height-default\" data-id=\"cac9891\" data-element_type=\"section\">\n\t\t\t\t\t\t<div class=\"elementor-container elementor-column-gap-default\">\n\t\t\t\t\t<div class=\"elementor-column elementor-col-100 elementor-top-column elementor-element elementor-element-7c1ccd4\" data-id=\"7c1ccd4\" data-element_type=\"column\">\n\t\t\t<div class=\"elementor-widget-wrap elementor-element-populated\">\n\t\t\t\t\t\t\t\t<div class=\"elementor-element elementor-element-f0b06f0 elementor-widget elementor-widget-text-editor\" data-id=\"f0b06f0\" data-element_type=\"widget\" data-widget_type=\"text-editor.default\">\n\t\t\t\t<div class=\"elementor-widget-container\">\n\t\t\t\t\t\t\t<p>Im grauen November wirft der Advent bereits seine Schatten, besser sein Licht, voraus.<\/p><p>Der Dienstleistungsbetrieb Dreieich und Neu-Isenburg A\u00f6R hat ein umfangreiches Aufgabengebiet, das in der Vorweihnachtszeit noch erweitert wird: Die Neu-Isenburger Baumkolonne und eine Dreieicher Gr\u00fcnkolonne stellen die Weihnachtsb\u00e4ume im Stadtgebiet auf.\u00a0<\/p><p>Bereits im Sommer wird der Bedarf abgefragt und die entsprechende Anzahl an B\u00e4umen<\/p><p>bestellt. Anfang November kam dann ein vollgeladener LKW aus dem Odenwald nach Sprendlingen. Rund 80 Nordmanntannen in L\u00e4ngen von zwei bis zehn Meter, dazu viele Bunde Nordmanntanne, wurden abgeladen und zwischengelagert.<\/p><p>Die Aufgabe der G\u00e4rtner ist es nun, die B\u00e4ume aufzuladen und an zentralen bekannten Standorten in Dreieich und Neu-Isenburg in die vorbereiteten Bodenh\u00fclsen zu stellen. Auch Kinderg\u00e4rten und andere st\u00e4dtische Einrichtungen werden bedacht und bekommen B\u00e4ume und Tannengr\u00fcn geliefert.<\/p><p>Das Rund-um-Sorglos-Paket der DLB-A\u00f6R \u00fcbernimmt auch die Aufgabe der Beleuchtung:<\/p><p>Die B\u00e4ume werden im Auftrag des Dienstleistungsbetriebes seit mehreren Jahren von der Firma Hans Fuchs aus Dreieich zur gro\u00dfen Zufriedenheit geschm\u00fcckt. Nur die Beleuchtung der B\u00e4ume im Alten Ort und an der Hugenottenhalle wird von der Stadt Neu-Isenburg selbst koordiniert.<\/p><p>Auf dem G\u00f6tzenhainer Dorfplatz in Dreieich steht dieses Jahr der 30. Kunst-Weihnachtsbaum, der traditionsgem\u00e4\u00df vom Kunstraum Habernoll in Kooperation mit dem F\u00f6rderverein Alt-G\u00f6tzenhain aufgestellt wird. Die Beleuchtung dazu wurde von den Sponsoren Reinhold Gerhardt, J\u00f6rg Kreutzer und Ralf Kudernak organisiert und der Baum festlich geschm\u00fcckt.<\/p><p>Am Ortseingang von Zeppelinheim wird dieses Jahr zum ersten Mal ein Weihnachtsbaum stehen, der in Patenschaft beleuchtet wird.<\/p><p>Vor dem 1. Advent werden die Lichterketten dann eingeschaltet. In dieser Saison werden erstmalig in beiden St\u00e4dten ausschlie\u00dflich LED Lichterketten leuchten und gemeinsam mit den Laternen gegen 22 Uhr ausgeschaltet, als Zeichen f\u00fcr eine Einsparung der Energiekosten.<\/p>\t\t\t\t\t\t<\/div>\n\t\t\t\t<\/div>\n\t\t\t\t\t<\/div>\n\t\t<\/div>\n\t\t\t\t\t\t\t<\/div>\n\t\t<\/section>\n\t\t\t\t\t\t\t<\/div>\n\t\t","protected":false},"excerpt":{"rendered":"<p>Im grauen November wirft der Advent bereits seine Schatten, besser sein Licht, voraus. Der Dienstleistungsbetrieb Dreieich und Neu-Isenburg A\u00f6R hat ein umfangreiches [&hellip;]<\/p>\n","protected":false},"author":2,"featured_media":0,"comment_status":"closed","ping_status":"closed","sticky":false,"template":"","format":"standard","meta":{"inline_featured_image":false,"footnotes":"","_links_to":"","_links_to_target":""},"categories":[1],"tags":[],"class_list":["post-3138","post","type-post","status-publish","format-standard","hentry","category-allgemein"],"yoast_head":"<!-- This site is optimized with the Yoast SEO plugin v21.6 - https:\/\/yoast.com\/wordpress\/plugins\/seo\/ -->\n<title>Adventszeit - DLB Dreieich<\/title>\n<meta name=\"robots\" content=\"noindex, follow\" \/>\n<meta property=\"og:locale\" content=\"de_DE\" \/>\n<meta property=\"og:type\" content=\"article\" \/>\n<meta property=\"og:title\" content=\"Adventszeit - DLB Dreieich\" \/>\n<meta property=\"og:description\" content=\"Im grauen November wirft der Advent bereits seine Schatten, besser sein Licht, voraus. Der Dienstleistungsbetrieb Dreieich und Neu-Isenburg A\u00f6R hat ein umfangreiches [&hellip;]\" \/>\n<meta property=\"og:url\" content=\"https:\/\/dlb-aoer.de\/dreieich\/adventszeit\/\" \/>\n<meta property=\"og:site_name\" content=\"DLB Dreieich\" \/>\n<meta property=\"article:published_time\" content=\"2022-11-23T11:43:07+00:00\" \/>\n<meta property=\"article:modified_time\" content=\"2022-11-23T11:44:11+00:00\" \/>\n<meta name=\"author\" content=\"dlbcontent\" \/>\n<meta name=\"twitter:card\" content=\"summary_large_image\" \/>\n<meta name=\"twitter:label1\" content=\"Verfasst von\" \/>\n\t<meta name=\"twitter:data1\" content=\"dlbcontent\" \/>\n<script type=\"application\/ld+json\" class=\"yoast-schema-graph\">{\"@context\":\"https:\/\/schema.org\",\"@graph\":[{\"@type\":\"Article\",\"@id\":\"https:\/\/dlb-aoer.de\/dreieich\/adventszeit\/#article\",\"isPartOf\":{\"@id\":\"https:\/\/dlb-aoer.de\/dreieich\/adventszeit\/\"},\"author\":{\"name\":\"dlbcontent\",\"@id\":\"https:\/\/dlb-aoer.de\/dreieich\/#\/schema\/person\/ace12b78b8beb2c401214583e8abb0ea\"},\"headline\":\"Adventszeit\",\"datePublished\":\"2022-11-23T11:43:07+00:00\",\"dateModified\":\"2022-11-23T11:44:11+00:00\",\"mainEntityOfPage\":{\"@id\":\"https:\/\/dlb-aoer.de\/dreieich\/adventszeit\/\"},\"wordCount\":298,\"publisher\":{\"@id\":\"https:\/\/dlb-aoer.de\/dreieich\/#organization\"},\"inLanguage\":\"de\"},{\"@type\":\"WebPage\",\"@id\":\"https:\/\/dlb-aoer.de\/dreieich\/adventszeit\/\",\"url\":\"https:\/\/dlb-aoer.de\/dreieich\/adventszeit\/\",\"name\":\"Adventszeit - DLB Dreieich\",\"isPartOf\":{\"@id\":\"https:\/\/dlb-aoer.de\/dreieich\/#website\"},\"datePublished\":\"2022-11-23T11:43:07+00:00\",\"dateModified\":\"2022-11-23T11:44:11+00:00\",\"breadcrumb\":{\"@id\":\"https:\/\/dlb-aoer.de\/dreieich\/adventszeit\/#breadcrumb\"},\"inLanguage\":\"de\",\"potentialAction\":[{\"@type\":\"ReadAction\",\"target\":[\"https:\/\/dlb-aoer.de\/dreieich\/adventszeit\/\"]}]},{\"@type\":\"BreadcrumbList\",\"@id\":\"https:\/\/dlb-aoer.de\/dreieich\/adventszeit\/#breadcrumb\",\"itemListElement\":[{\"@type\":\"ListItem\",\"position\":1,\"name\":\"Startseite\",\"item\":\"https:\/\/dlb-aoer.de\/dreieich\/\"},{\"@type\":\"ListItem\",\"position\":2,\"name\":\"Adventszeit\"}]},{\"@type\":\"WebSite\",\"@id\":\"https:\/\/dlb-aoer.de\/dreieich\/#website\",\"url\":\"https:\/\/dlb-aoer.de\/dreieich\/\",\"name\":\"DLB Dreieich\",\"description\":\"\",\"publisher\":{\"@id\":\"https:\/\/dlb-aoer.de\/dreieich\/#organization\"},\"potentialAction\":[{\"@type\":\"SearchAction\",\"target\":{\"@type\":\"EntryPoint\",\"urlTemplate\":\"https:\/\/dlb-aoer.de\/dreieich\/?s={search_term_string}\"},\"query-input\":\"required name=search_term_string\"}],\"inLanguage\":\"de\"},{\"@type\":\"Organization\",\"@id\":\"https:\/\/dlb-aoer.de\/dreieich\/#organization\",\"name\":\"Dienstleistungsbetrieb Dreieich und Neu-Isenburg A\u00f6R\",\"url\":\"https:\/\/dlb-aoer.de\/dreieich\/\",\"logo\":{\"@type\":\"ImageObject\",\"inLanguage\":\"de\",\"@id\":\"https:\/\/dlb-aoer.de\/dreieich\/#\/schema\/logo\/image\/\",\"url\":\"https:\/\/dlb-aoer.de\/dreieich\/wp-content\/uploads\/sites\/4\/2019\/10\/DLB_Logo_orange.svg\",\"contentUrl\":\"https:\/\/dlb-aoer.de\/dreieich\/wp-content\/uploads\/sites\/4\/2019\/10\/DLB_Logo_orange.svg\",\"width\":1,\"height\":1,\"caption\":\"Dienstleistungsbetrieb Dreieich und Neu-Isenburg A\u00f6R\"},\"image\":{\"@id\":\"https:\/\/dlb-aoer.de\/dreieich\/#\/schema\/logo\/image\/\"}},{\"@type\":\"Person\",\"@id\":\"https:\/\/dlb-aoer.de\/dreieich\/#\/schema\/person\/ace12b78b8beb2c401214583e8abb0ea\",\"name\":\"dlbcontent\",\"image\":{\"@type\":\"ImageObject\",\"inLanguage\":\"de\",\"@id\":\"https:\/\/dlb-aoer.de\/dreieich\/#\/schema\/person\/image\/\",\"url\":\"https:\/\/secure.gravatar.com\/avatar\/9b83944ad4bb586f5b061e177ec90421c57dc65897720d856030931fc4ed8394?s=96&d=mm&r=g\",\"contentUrl\":\"https:\/\/secure.gravatar.com\/avatar\/9b83944ad4bb586f5b061e177ec90421c57dc65897720d856030931fc4ed8394?s=96&d=mm&r=g\",\"caption\":\"dlbcontent\"}}]}<\/script>\n<!-- \/ Yoast SEO plugin. -->","yoast_head_json":{"title":"Adventszeit - DLB Dreieich","robots":{"index":"noindex","follow":"follow"},"og_locale":"de_DE","og_type":"article","og_title":"Adventszeit - DLB Dreieich","og_description":"Im grauen November wirft der Advent bereits seine Schatten, besser sein Licht, voraus. Der Dienstleistungsbetrieb Dreieich und Neu-Isenburg A\u00f6R hat ein umfangreiches [&hellip;]","og_url":"https:\/\/dlb-aoer.de\/dreieich\/adventszeit\/","og_site_name":"DLB Dreieich","article_published_time":"2022-11-23T11:43:07+00:00","article_modified_time":"2022-11-23T11:44:11+00:00","author":"dlbcontent","twitter_card":"summary_large_image","twitter_misc":{"Verfasst von":"dlbcontent"},"schema":{"@context":"https:\/\/schema.org","@graph":[{"@type":"Article","@id":"https:\/\/dlb-aoer.de\/dreieich\/adventszeit\/#article","isPartOf":{"@id":"https:\/\/dlb-aoer.de\/dreieich\/adventszeit\/"},"author":{"name":"dlbcontent","@id":"https:\/\/dlb-aoer.de\/dreieich\/#\/schema\/person\/ace12b78b8beb2c401214583e8abb0ea"},"headline":"Adventszeit","datePublished":"2022-11-23T11:43:07+00:00","dateModified":"2022-11-23T11:44:11+00:00","mainEntityOfPage":{"@id":"https:\/\/dlb-aoer.de\/dreieich\/adventszeit\/"},"wordCount":298,"publisher":{"@id":"https:\/\/dlb-aoer.de\/dreieich\/#organization"},"inLanguage":"de"},{"@type":"WebPage","@id":"https:\/\/dlb-aoer.de\/dreieich\/adventszeit\/","url":"https:\/\/dlb-aoer.de\/dreieich\/adventszeit\/","name":"Adventszeit - DLB Dreieich","isPartOf":{"@id":"https:\/\/dlb-aoer.de\/dreieich\/#website"},"datePublished":"2022-11-23T11:43:07+00:00","dateModified":"2022-11-23T11:44:11+00:00","breadcrumb":{"@id":"https:\/\/dlb-aoer.de\/dreieich\/adventszeit\/#breadcrumb"},"inLanguage":"de","potentialAction":[{"@type":"ReadAction","target":["https:\/\/dlb-aoer.de\/dreieich\/adventszeit\/"]}]},{"@type":"BreadcrumbList","@id":"https:\/\/dlb-aoer.de\/dreieich\/adventszeit\/#breadcrumb","itemListElement":[{"@type":"ListItem","position":1,"name":"Startseite","item":"https:\/\/dlb-aoer.de\/dreieich\/"},{"@type":"ListItem","position":2,"name":"Adventszeit"}]},{"@type":"WebSite","@id":"https:\/\/dlb-aoer.de\/dreieich\/#website","url":"https:\/\/dlb-aoer.de\/dreieich\/","name":"DLB Dreieich","description":"","publisher":{"@id":"https:\/\/dlb-aoer.de\/dreieich\/#organization"},"potentialAction":[{"@type":"SearchAction","target":{"@type":"EntryPoint","urlTemplate":"https:\/\/dlb-aoer.de\/dreieich\/?s={search_term_string}"},"query-input":"required name=search_term_string"}],"inLanguage":"de"},{"@type":"Organization","@id":"https:\/\/dlb-aoer.de\/dreieich\/#organization","name":"Dienstleistungsbetrieb Dreieich und Neu-Isenburg A\u00f6R","url":"https:\/\/dlb-aoer.de\/dreieich\/","logo":{"@type":"ImageObject","inLanguage":"de","@id":"https:\/\/dlb-aoer.de\/dreieich\/#\/schema\/logo\/image\/","url":"https:\/\/dlb-aoer.de\/dreieich\/wp-content\/uploads\/sites\/4\/2019\/10\/DLB_Logo_orange.svg","contentUrl":"https:\/\/dlb-aoer.de\/dreieich\/wp-content\/uploads\/sites\/4\/2019\/10\/DLB_Logo_orange.svg","width":1,"height":1,"caption":"Dienstleistungsbetrieb Dreieich und Neu-Isenburg A\u00f6R"},"image":{"@id":"https:\/\/dlb-aoer.de\/dreieich\/#\/schema\/logo\/image\/"}},{"@type":"Person","@id":"https:\/\/dlb-aoer.de\/dreieich\/#\/schema\/person\/ace12b78b8beb2c401214583e8abb0ea","name":"dlbcontent","image":{"@type":"ImageObject","inLanguage":"de","@id":"https:\/\/dlb-aoer.de\/dreieich\/#\/schema\/person\/image\/","url":"https:\/\/secure.gravatar.com\/avatar\/9b83944ad4bb586f5b061e177ec90421c57dc65897720d856030931fc4ed8394?s=96&d=mm&r=g","contentUrl":"https:\/\/secure.gravatar.com\/avatar\/9b83944ad4bb586f5b061e177ec90421c57dc65897720d856030931fc4ed8394?s=96&d=mm&r=g","caption":"dlbcontent"}}]}},"_links":{"self":[{"href":"https:\/\/dlb-aoer.de\/dreieich\/wp-json\/wp\/v2\/posts\/3138","targetHints":{"allow":["GET"]}}],"collection":[{"href":"https:\/\/dlb-aoer.de\/dreieich\/wp-json\/wp\/v2\/posts"}],"about":[{"href":"https:\/\/dlb-aoer.de\/dreieich\/wp-json\/wp\/v2\/types\/post"}],"author":[{"embeddable":true,"href":"https:\/\/dlb-aoer.de\/dreieich\/wp-json\/wp\/v2\/users\/2"}],"replies":[{"embeddable":true,"href":"https:\/\/dlb-aoer.de\/dreieich\/wp-json\/wp\/v2\/comments?post=3138"}],"version-history":[{"count":4,"href":"https:\/\/dlb-aoer.de\/dreieich\/wp-json\/wp\/v2\/posts\/3138\/revisions"}],"predecessor-version":[{"id":3142,"href":"https:\/\/dlb-aoer.de\/dreieich\/wp-json\/wp\/v2\/posts\/3138\/revisions\/3142"}],"wp:attachment":[{"href":"https:\/\/dlb-aoer.de\/dreieich\/wp-json\/wp\/v2\/media?parent=3138"}],"wp:term":[{"taxonomy":"category","embeddable":true,"href":"https:\/\/dlb-aoer.de\/dreieich\/wp-json\/wp\/v2\/categories?post=3138"},{"taxonomy":"post_tag","embeddable":true,"href":"https:\/\/dlb-aoer.de\/dreieich\/wp-json\/wp\/v2\/tags?post=3138"}],"curies":[{"name":"wp","href":"https:\/\/api.w.org\/{rel}","templated":true}]}}