{"id":3103,"date":"2022-11-17T08:14:15","date_gmt":"2022-11-17T07:14:15","guid":{"rendered":"https:\/\/dlb-aoer.de\/dreieich\/?p=3103"},"modified":"2022-11-24T11:50:31","modified_gmt":"2022-11-24T10:50:31","slug":"neue-baeume-fuer-dreieich","status":"publish","type":"post","link":"https:\/\/dlb-aoer.de\/dreieich\/neue-baeume-fuer-dreieich\/","title":{"rendered":"Neue B\u00e4ume f\u00fcr Dreieich"},"content":{"rendered":"\t\t<div data-elementor-type=\"wp-post\" data-elementor-id=\"3103\" class=\"elementor elementor-3103\">\n\t\t\t\t\t\t\t\t\t<section class=\"elementor-section elementor-top-section elementor-element elementor-element-47930b4 elementor-section-boxed elementor-section-height-default elementor-section-height-default\" data-id=\"47930b4\" data-element_type=\"section\">\n\t\t\t\t\t\t<div class=\"elementor-container elementor-column-gap-default\">\n\t\t\t\t\t<div class=\"elementor-column elementor-col-100 elementor-top-column elementor-element elementor-element-7316388\" data-id=\"7316388\" data-element_type=\"column\">\n\t\t\t<div class=\"elementor-widget-wrap elementor-element-populated\">\n\t\t\t\t\t\t\t\t<div class=\"elementor-element elementor-element-082424b elementor-widget elementor-widget-text-editor\" data-id=\"082424b\" data-element_type=\"widget\" data-widget_type=\"text-editor.default\">\n\t\t\t\t<div class=\"elementor-widget-container\">\n\t\t\t\t\t\t\t<p>Ab Mittwoch, 16.11.2022, werden in Dreieich auf st\u00e4dtischen Gr\u00fcnanlagen, an Verkehrsfl\u00e4chen und in Kindertagesst\u00e4tten 66 B\u00e4ume gepflanzt. Die Kosten belaufen sich dabei inklusive drei Jahren Fertigstellungspflege auf ca. 66.000 Euro.<\/p><p>Nach den trocken-hei\u00dfen Sommern 2018 bis 2020 hat auch der Sommer 2022 dem st\u00e4dtischen Baumbestand stark zugesetzt. Die vergangenen Jahre waren gepr\u00e4gt durch extrem hohe Temperaturen bei gleichzeitig extrem geringen Niederschl\u00e4gen. Erster Stadtrat Markus Heller: \u201eJedes Jahr m\u00fcssen viele absterbende und kranke B\u00e4ume gef\u00e4llt werden. Durch den Klimawandel erh\u00f6ht sich die Sterberate im Baumbestand. Der Ersatz dieser B\u00e4ume ist der Stadt ein besonderes Anliegen. Aufgrund von Sonderbudgets konnten wir die so entstandenen Bestandsl\u00fccken in den letzten Jahren aber schnell schlie\u00dfen.\u201c Bei den B\u00e4umen handelt es sich fast ausschlie\u00dflich um Ersatzpflanzungen. Neue Baumstandorte gibt es lediglich im B\u00fcrgerpark und in einigen Kindertagesst\u00e4tten.<\/p><p><strong>Erweiterung von Baumgruben durch Entsiegelung<\/strong><\/p><p>In der Stresemann- und Hegelstra\u00dfe wurden vier vorhandene Baumstandorte mit sehr kleinen Baumscheiben durch Entsiegelung vergr\u00f6\u00dfert. \u201eEine Ersatzpflanzung abgestorbener B\u00e4ume in die sehr kleinen Baumgruben w\u00e4re nicht mehr zukunftsf\u00e4hig gewesen.\u201c erl\u00e4utert Sylvio J\u00e4ckel von der DLB A\u00f6R. \u201eGrunds\u00e4tzlich werden mittlerweile alle Pflanzstandorte auf Optimierungsm\u00f6glichkeiten gepr\u00fcft. Wo m\u00f6glich &#8211; wie hier an den Standorten in der Stresemann- und Hegelstra\u00dfe &#8211; werden dann sehr kleine Baumstandorte durch Entsiegelung vergr\u00f6\u00dfert und der Baumstandort optimal mit speziellem Baumsubstrat inkl. Vorratsd\u00fcnger f\u00fcr die Pflanzung vorbereitet.\u201c Zum Schluss folgt noch eine standortgerechte Bepflanzung mit hitze- und trockenheitsvertr\u00e4glichen Baumarten. In beiden Stra\u00dfen bedeutet dies auch ein Wechsel der Baumart: In der Stresemannstra\u00dfe mit schmalw\u00fcchsigen Feldahornen und in der Hegelstra\u00dfe mit mongolischen Linden.<\/p><p><strong>Trockenstress vertr\u00e4gliche Baumarten<\/strong><\/p><p>Im Fokus der Baumartenwahl stehen weiterhin Hitze- und Trockenstress vertr\u00e4gliche Geh\u00f6lze. Bereits nach den trocken-hei\u00dfen Sommern 2003 bis 2006 wurde in Dreieich begonnen, das Baumartenspektrum zu ver\u00e4ndern. \u201eDie seitdem neu verwendeten Baumarten bew\u00e4hren sich sehr gut in den hei\u00dfen Sommern, der Umbau im Baumbestand wird mittlerweile vielerorts deutlich\u201c, berichtet J\u00e4ckel, \u201eallerdings haben die Preise am Markt f\u00fcr sogenannte Klimab\u00e4ume weiter deutlich angezogen.\u201c<\/p><p><strong>Von A wie Ahorn bis Z wie Z\u00fcrgelbaum:<\/strong><br \/>In diesem Jahr stehen folgende Baumarten auf der Pflanzliste:<br \/>Feldahorn, schmalw\u00fcchsiger Feldahorn, Spitzahorn, Franz\u00f6sischer Ahorn, Herbst-Flammen-Ahorn, Rotahorn, Apfeldorn, Amberbaum, Hainbuche, Esskastanie, Rotbl\u00fchende Kastanie, Blumenesche, Winterlinde, Mongolische Linde, Stieleiche, Ungarische Eiche, Wildkirsche, Wildbirne, und Z\u00fcrgelbaum.<\/p><p><strong>Baumpflanzungen gibt es an folgenden Standorten:<\/strong><br \/>Alte Rheinstra\u00dfe, An der Tr\u00e4nk, Bleiswijker Stra\u00dfe, An der Trift, Burg Dreieichenhain, Buchwaldstra\u00dfe, Breslauer Stra\u00dfe, B\u00fcrgerpark, Darmst\u00e4dter Stra\u00dfe, Frankfurter Stra\u00dfe, , Fr\u00fchlingstra\u00dfe, Hauptstra\u00dfe, Hegelstra\u00dfe, Offenbacher Stra\u00dfe, Stresemannstra\u00dfe, H\u00fcgelstra\u00dfe, Ringwaldstra\u00dfe, Zum Hopfengarten.<\/p><p><strong>Schon jetzt neuer Rekord bei Baumspenden<\/strong> <br \/>Weiterhin bleibt die Bereitschaft f\u00fcr Baumspenden hoch. F\u00fcr das Jahr 2022 kann bereits jetzt mit bisher 33 Baumspenden ein neuer Rekord vermeldet werden. <br \/>\u201eEin herzliches Dankesch\u00f6n an alle Spender\u201c, bedankt sich Erster Stadtrat Markus Heller f\u00fcr die gro\u00dfe Spendenbereitschaft. \u201eDie Baumspenden zeigen die Verbundenheit der B\u00fcrgerinnen und B\u00fcrger mit dem Gr\u00fcn in unserer Stadt und dem Wert von B\u00e4umen in Zeiten des Klimawandels.\u201c<\/p><p><strong>Baumspenden weiterhin gerne gesehen \u2013 Baumspendeportal ist online!<\/strong><br \/>Die M\u00f6glichkeit zur \u00dcbernahme einer Baumspende f\u00fcr neue B\u00e4ume besteht auch weiterhin. B\u00fcrgerinnen und B\u00fcrger, Unternehmen und Vereine in Dreieich und Neu-Isenburg k\u00f6nnen durch eine Baumspende in H\u00f6he von 500 \u20ac einen finanziellen Beitrag f\u00fcr die Erhaltung des Baumbestandes erbringen. \u201eMit einer Baumspende k\u00f6nnen Sie helfen, unsere wichtigen Stadtb\u00e4ume und die Zukunft des \u00f6ffentlichen Gr\u00fcns zu erhalten\u201c, wirbt DLB-Vorstand Petra Klink f\u00fcr Baumspenden.<br \/>\u00dcber die Homepage der DLB A\u00f6R k\u00f6nnen seit Mitte des Jahres einfach und bequem B\u00e4ume online gespendet werden. \u201eInsbesondere nach Einf\u00fchrung des digitalen Baumspendeportals gab es einen deutlichen Schub an Baumspenden.\u201c berichtet Klink.<\/p><p>\u00dcber die <a href=\"https:\/\/dlb-aoer.de\/dreieich\/gruen-spiel-sport\/baeume\/interaktive-karte-baumspenden\/\">Interaktive Karte Baumspenden<\/a> k\u00f6nnen alle aktuell zur Baumpflanzung anstehenden B\u00e4ume angeschaut werden. Die B\u00e4ume sind in der Karte als sogenannte \u201ePins\u201c hinterlegt mit Informationen zum Standort, Baumart und Baumnummer. Bereits gespendete B\u00e4ume sind in gr\u00fcn hinterlegt und noch verf\u00fcgbare B\u00e4ume in wei\u00df. <br \/>Suchen Sie sich einen verf\u00fcgbaren Baum aus und klicken ihn an. Aus dem Infofenster heraus k\u00f6nnen Sie eine vorformulierte E-Mail an Sylvio J\u00e4ckel, schicken, die bereits alle wichtigen Informationen enth\u00e4lt.<br \/>Wenn Sie einen Baum f\u00fcr einen Standort spenden m\u00f6chten, der aktuell nicht vorgesehen ist, so k\u00f6nnen Sie selbstverst\u00e4ndlich auch unabh\u00e4ngig von der Baumauswahl in der interaktiven Karte eine E-Mail an Herrn J\u00e4ckel schicken.<br \/>Ansprechpartner: Sylvio J\u00e4ckel, Tel. 06102 3702-355, s.jaeckel@dlb-aoer.de<\/p>\t\t\t\t\t\t<\/div>\n\t\t\t\t<\/div>\n\t\t\t\t\t<\/div>\n\t\t<\/div>\n\t\t\t\t\t\t\t<\/div>\n\t\t<\/section>\n\t\t\t\t<section class=\"elementor-section elementor-top-section elementor-element elementor-element-d8997da elementor-section-boxed elementor-section-height-default elementor-section-height-default\" data-id=\"d8997da\" data-element_type=\"section\">\n\t\t\t\t\t\t<div class=\"elementor-container elementor-column-gap-default\">\n\t\t\t\t\t<div class=\"elementor-column elementor-col-100 elementor-top-column elementor-element elementor-element-60f9867\" data-id=\"60f9867\" data-element_type=\"column\">\n\t\t\t<div class=\"elementor-widget-wrap elementor-element-populated\">\n\t\t\t\t\t\t\t\t<div class=\"elementor-element elementor-element-d29cc0f elementor-widget elementor-widget-image\" data-id=\"d29cc0f\" data-element_type=\"widget\" data-widget_type=\"image.default\">\n\t\t\t\t<div class=\"elementor-widget-container\">\n\t\t\t\t\t\t\t\t\t\t\t\t\t\t\t<img loading=\"lazy\" decoding=\"async\" width=\"480\" height=\"630\" src=\"https:\/\/dlb-aoer.de\/dreieich\/wp-content\/uploads\/sites\/4\/2022\/11\/Neupflanzung-Dreieich-480x630.jpg\" class=\"attachment-sydney-mas-thumb size-sydney-mas-thumb wp-image-3144\" alt=\"frisch eingepflanzter Jungbaum. Der Baum hat einen wei\u00df angestrichenen Stamm. Drei Holzpfl\u00f6cke sind rund um den Baum eingebaut..\" srcset=\"https:\/\/dlb-aoer.de\/dreieich\/wp-content\/uploads\/sites\/4\/2022\/11\/Neupflanzung-Dreieich-480x630.jpg 480w, https:\/\/dlb-aoer.de\/dreieich\/wp-content\/uploads\/sites\/4\/2022\/11\/Neupflanzung-Dreieich-229x300.jpg 229w, https:\/\/dlb-aoer.de\/dreieich\/wp-content\/uploads\/sites\/4\/2022\/11\/Neupflanzung-Dreieich-781x1024.jpg 781w, https:\/\/dlb-aoer.de\/dreieich\/wp-content\/uploads\/sites\/4\/2022\/11\/Neupflanzung-Dreieich-768x1007.jpg 768w, https:\/\/dlb-aoer.de\/dreieich\/wp-content\/uploads\/sites\/4\/2022\/11\/Neupflanzung-Dreieich-1171x1536.jpg 1171w, https:\/\/dlb-aoer.de\/dreieich\/wp-content\/uploads\/sites\/4\/2022\/11\/Neupflanzung-Dreieich-1562x2048.jpg 1562w, https:\/\/dlb-aoer.de\/dreieich\/wp-content\/uploads\/sites\/4\/2022\/11\/Neupflanzung-Dreieich-1000x1311.jpg 1000w, https:\/\/dlb-aoer.de\/dreieich\/wp-content\/uploads\/sites\/4\/2022\/11\/Neupflanzung-Dreieich-230x302.jpg 230w, https:\/\/dlb-aoer.de\/dreieich\/wp-content\/uploads\/sites\/4\/2022\/11\/Neupflanzung-Dreieich-350x459.jpg 350w, https:\/\/dlb-aoer.de\/dreieich\/wp-content\/uploads\/sites\/4\/2022\/11\/Neupflanzung-Dreieich-scaled.jpg 1952w\" sizes=\"auto, (max-width: 480px) 100vw, 480px\" \/>\t\t\t\t\t\t\t\t\t\t\t\t\t\t\t<\/div>\n\t\t\t\t<\/div>\n\t\t\t\t\t<\/div>\n\t\t<\/div>\n\t\t\t\t\t\t\t<\/div>\n\t\t<\/section>\n\t\t\t\t\t\t\t<\/div>\n\t\t","protected":false},"excerpt":{"rendered":"<p>Ab Mittwoch, 16.11.2022, werden in Dreieich auf st\u00e4dtischen Gr\u00fcnanlagen, an Verkehrsfl\u00e4chen und in Kindertagesst\u00e4tten 66 B\u00e4ume gepflanzt. Die Kosten belaufen sich dabei [&hellip;]<\/p>\n","protected":false},"author":2,"featured_media":0,"comment_status":"closed","ping_status":"closed","sticky":false,"template":"","format":"standard","meta":{"inline_featured_image":false,"footnotes":"","_links_to":"","_links_to_target":""},"categories":[1],"tags":[],"class_list":["post-3103","post","type-post","status-publish","format-standard","hentry","category-allgemein"],"yoast_head":"<!-- This site is optimized with the Yoast SEO plugin v21.6 - https:\/\/yoast.com\/wordpress\/plugins\/seo\/ -->\n<title>Neue B\u00e4ume f\u00fcr Dreieich - DLB Dreieich<\/title>\n<meta name=\"robots\" content=\"noindex, follow\" \/>\n<meta property=\"og:locale\" content=\"de_DE\" \/>\n<meta property=\"og:type\" content=\"article\" \/>\n<meta property=\"og:title\" content=\"Neue B\u00e4ume f\u00fcr Dreieich - DLB Dreieich\" \/>\n<meta property=\"og:description\" content=\"Ab Mittwoch, 16.11.2022, werden in Dreieich auf st\u00e4dtischen Gr\u00fcnanlagen, an Verkehrsfl\u00e4chen und in Kindertagesst\u00e4tten 66 B\u00e4ume gepflanzt. Die Kosten belaufen sich dabei [&hellip;]\" \/>\n<meta property=\"og:url\" content=\"https:\/\/dlb-aoer.de\/dreieich\/neue-baeume-fuer-dreieich\/\" \/>\n<meta property=\"og:site_name\" content=\"DLB Dreieich\" \/>\n<meta property=\"article:published_time\" content=\"2022-11-17T07:14:15+00:00\" \/>\n<meta property=\"article:modified_time\" content=\"2022-11-24T10:50:31+00:00\" \/>\n<meta property=\"og:image\" content=\"https:\/\/dlb-aoer.de\/dreieich\/wp-content\/uploads\/sites\/4\/2022\/11\/Neupflanzung-Dreieich-480x630.jpg\" \/>\n<meta name=\"author\" content=\"dlbcontent\" \/>\n<meta name=\"twitter:card\" content=\"summary_large_image\" \/>\n<meta name=\"twitter:label1\" content=\"Verfasst von\" \/>\n\t<meta name=\"twitter:data1\" content=\"dlbcontent\" \/>\n<script type=\"application\/ld+json\" class=\"yoast-schema-graph\">{\"@context\":\"https:\/\/schema.org\",\"@graph\":[{\"@type\":\"Article\",\"@id\":\"https:\/\/dlb-aoer.de\/dreieich\/neue-baeume-fuer-dreieich\/#article\",\"isPartOf\":{\"@id\":\"https:\/\/dlb-aoer.de\/dreieich\/neue-baeume-fuer-dreieich\/\"},\"author\":{\"name\":\"dlbcontent\",\"@id\":\"https:\/\/dlb-aoer.de\/dreieich\/#\/schema\/person\/ace12b78b8beb2c401214583e8abb0ea\"},\"headline\":\"Neue B\u00e4ume f\u00fcr Dreieich\",\"datePublished\":\"2022-11-17T07:14:15+00:00\",\"dateModified\":\"2022-11-24T10:50:31+00:00\",\"mainEntityOfPage\":{\"@id\":\"https:\/\/dlb-aoer.de\/dreieich\/neue-baeume-fuer-dreieich\/\"},\"wordCount\":793,\"publisher\":{\"@id\":\"https:\/\/dlb-aoer.de\/dreieich\/#organization\"},\"inLanguage\":\"de\"},{\"@type\":\"WebPage\",\"@id\":\"https:\/\/dlb-aoer.de\/dreieich\/neue-baeume-fuer-dreieich\/\",\"url\":\"https:\/\/dlb-aoer.de\/dreieich\/neue-baeume-fuer-dreieich\/\",\"name\":\"Neue B\u00e4ume f\u00fcr Dreieich - DLB Dreieich\",\"isPartOf\":{\"@id\":\"https:\/\/dlb-aoer.de\/dreieich\/#website\"},\"datePublished\":\"2022-11-17T07:14:15+00:00\",\"dateModified\":\"2022-11-24T10:50:31+00:00\",\"breadcrumb\":{\"@id\":\"https:\/\/dlb-aoer.de\/dreieich\/neue-baeume-fuer-dreieich\/#breadcrumb\"},\"inLanguage\":\"de\",\"potentialAction\":[{\"@type\":\"ReadAction\",\"target\":[\"https:\/\/dlb-aoer.de\/dreieich\/neue-baeume-fuer-dreieich\/\"]}]},{\"@type\":\"BreadcrumbList\",\"@id\":\"https:\/\/dlb-aoer.de\/dreieich\/neue-baeume-fuer-dreieich\/#breadcrumb\",\"itemListElement\":[{\"@type\":\"ListItem\",\"position\":1,\"name\":\"Startseite\",\"item\":\"https:\/\/dlb-aoer.de\/dreieich\/\"},{\"@type\":\"ListItem\",\"position\":2,\"name\":\"Neue B\u00e4ume f\u00fcr Dreieich\"}]},{\"@type\":\"WebSite\",\"@id\":\"https:\/\/dlb-aoer.de\/dreieich\/#website\",\"url\":\"https:\/\/dlb-aoer.de\/dreieich\/\",\"name\":\"DLB Dreieich\",\"description\":\"\",\"publisher\":{\"@id\":\"https:\/\/dlb-aoer.de\/dreieich\/#organization\"},\"potentialAction\":[{\"@type\":\"SearchAction\",\"target\":{\"@type\":\"EntryPoint\",\"urlTemplate\":\"https:\/\/dlb-aoer.de\/dreieich\/?s={search_term_string}\"},\"query-input\":\"required name=search_term_string\"}],\"inLanguage\":\"de\"},{\"@type\":\"Organization\",\"@id\":\"https:\/\/dlb-aoer.de\/dreieich\/#organization\",\"name\":\"Dienstleistungsbetrieb Dreieich und Neu-Isenburg A\u00f6R\",\"url\":\"https:\/\/dlb-aoer.de\/dreieich\/\",\"logo\":{\"@type\":\"ImageObject\",\"inLanguage\":\"de\",\"@id\":\"https:\/\/dlb-aoer.de\/dreieich\/#\/schema\/logo\/image\/\",\"url\":\"https:\/\/dlb-aoer.de\/dreieich\/wp-content\/uploads\/sites\/4\/2019\/10\/DLB_Logo_orange.svg\",\"contentUrl\":\"https:\/\/dlb-aoer.de\/dreieich\/wp-content\/uploads\/sites\/4\/2019\/10\/DLB_Logo_orange.svg\",\"width\":1,\"height\":1,\"caption\":\"Dienstleistungsbetrieb Dreieich und Neu-Isenburg A\u00f6R\"},\"image\":{\"@id\":\"https:\/\/dlb-aoer.de\/dreieich\/#\/schema\/logo\/image\/\"}},{\"@type\":\"Person\",\"@id\":\"https:\/\/dlb-aoer.de\/dreieich\/#\/schema\/person\/ace12b78b8beb2c401214583e8abb0ea\",\"name\":\"dlbcontent\",\"image\":{\"@type\":\"ImageObject\",\"inLanguage\":\"de\",\"@id\":\"https:\/\/dlb-aoer.de\/dreieich\/#\/schema\/person\/image\/\",\"url\":\"https:\/\/secure.gravatar.com\/avatar\/9b83944ad4bb586f5b061e177ec90421c57dc65897720d856030931fc4ed8394?s=96&d=mm&r=g\",\"contentUrl\":\"https:\/\/secure.gravatar.com\/avatar\/9b83944ad4bb586f5b061e177ec90421c57dc65897720d856030931fc4ed8394?s=96&d=mm&r=g\",\"caption\":\"dlbcontent\"}}]}<\/script>\n<!-- \/ Yoast SEO plugin. -->","yoast_head_json":{"title":"Neue B\u00e4ume f\u00fcr Dreieich - DLB Dreieich","robots":{"index":"noindex","follow":"follow"},"og_locale":"de_DE","og_type":"article","og_title":"Neue B\u00e4ume f\u00fcr Dreieich - DLB Dreieich","og_description":"Ab Mittwoch, 16.11.2022, werden in Dreieich auf st\u00e4dtischen Gr\u00fcnanlagen, an Verkehrsfl\u00e4chen und in Kindertagesst\u00e4tten 66 B\u00e4ume gepflanzt. Die Kosten belaufen sich dabei [&hellip;]","og_url":"https:\/\/dlb-aoer.de\/dreieich\/neue-baeume-fuer-dreieich\/","og_site_name":"DLB Dreieich","article_published_time":"2022-11-17T07:14:15+00:00","article_modified_time":"2022-11-24T10:50:31+00:00","og_image":[{"url":"https:\/\/dlb-aoer.de\/dreieich\/wp-content\/uploads\/sites\/4\/2022\/11\/Neupflanzung-Dreieich-480x630.jpg"}],"author":"dlbcontent","twitter_card":"summary_large_image","twitter_misc":{"Verfasst von":"dlbcontent"},"schema":{"@context":"https:\/\/schema.org","@graph":[{"@type":"Article","@id":"https:\/\/dlb-aoer.de\/dreieich\/neue-baeume-fuer-dreieich\/#article","isPartOf":{"@id":"https:\/\/dlb-aoer.de\/dreieich\/neue-baeume-fuer-dreieich\/"},"author":{"name":"dlbcontent","@id":"https:\/\/dlb-aoer.de\/dreieich\/#\/schema\/person\/ace12b78b8beb2c401214583e8abb0ea"},"headline":"Neue B\u00e4ume f\u00fcr Dreieich","datePublished":"2022-11-17T07:14:15+00:00","dateModified":"2022-11-24T10:50:31+00:00","mainEntityOfPage":{"@id":"https:\/\/dlb-aoer.de\/dreieich\/neue-baeume-fuer-dreieich\/"},"wordCount":793,"publisher":{"@id":"https:\/\/dlb-aoer.de\/dreieich\/#organization"},"inLanguage":"de"},{"@type":"WebPage","@id":"https:\/\/dlb-aoer.de\/dreieich\/neue-baeume-fuer-dreieich\/","url":"https:\/\/dlb-aoer.de\/dreieich\/neue-baeume-fuer-dreieich\/","name":"Neue B\u00e4ume f\u00fcr Dreieich - DLB Dreieich","isPartOf":{"@id":"https:\/\/dlb-aoer.de\/dreieich\/#website"},"datePublished":"2022-11-17T07:14:15+00:00","dateModified":"2022-11-24T10:50:31+00:00","breadcrumb":{"@id":"https:\/\/dlb-aoer.de\/dreieich\/neue-baeume-fuer-dreieich\/#breadcrumb"},"inLanguage":"de","potentialAction":[{"@type":"ReadAction","target":["https:\/\/dlb-aoer.de\/dreieich\/neue-baeume-fuer-dreieich\/"]}]},{"@type":"BreadcrumbList","@id":"https:\/\/dlb-aoer.de\/dreieich\/neue-baeume-fuer-dreieich\/#breadcrumb","itemListElement":[{"@type":"ListItem","position":1,"name":"Startseite","item":"https:\/\/dlb-aoer.de\/dreieich\/"},{"@type":"ListItem","position":2,"name":"Neue B\u00e4ume f\u00fcr Dreieich"}]},{"@type":"WebSite","@id":"https:\/\/dlb-aoer.de\/dreieich\/#website","url":"https:\/\/dlb-aoer.de\/dreieich\/","name":"DLB Dreieich","description":"","publisher":{"@id":"https:\/\/dlb-aoer.de\/dreieich\/#organization"},"potentialAction":[{"@type":"SearchAction","target":{"@type":"EntryPoint","urlTemplate":"https:\/\/dlb-aoer.de\/dreieich\/?s={search_term_string}"},"query-input":"required name=search_term_string"}],"inLanguage":"de"},{"@type":"Organization","@id":"https:\/\/dlb-aoer.de\/dreieich\/#organization","name":"Dienstleistungsbetrieb Dreieich und Neu-Isenburg A\u00f6R","url":"https:\/\/dlb-aoer.de\/dreieich\/","logo":{"@type":"ImageObject","inLanguage":"de","@id":"https:\/\/dlb-aoer.de\/dreieich\/#\/schema\/logo\/image\/","url":"https:\/\/dlb-aoer.de\/dreieich\/wp-content\/uploads\/sites\/4\/2019\/10\/DLB_Logo_orange.svg","contentUrl":"https:\/\/dlb-aoer.de\/dreieich\/wp-content\/uploads\/sites\/4\/2019\/10\/DLB_Logo_orange.svg","width":1,"height":1,"caption":"Dienstleistungsbetrieb Dreieich und Neu-Isenburg A\u00f6R"},"image":{"@id":"https:\/\/dlb-aoer.de\/dreieich\/#\/schema\/logo\/image\/"}},{"@type":"Person","@id":"https:\/\/dlb-aoer.de\/dreieich\/#\/schema\/person\/ace12b78b8beb2c401214583e8abb0ea","name":"dlbcontent","image":{"@type":"ImageObject","inLanguage":"de","@id":"https:\/\/dlb-aoer.de\/dreieich\/#\/schema\/person\/image\/","url":"https:\/\/secure.gravatar.com\/avatar\/9b83944ad4bb586f5b061e177ec90421c57dc65897720d856030931fc4ed8394?s=96&d=mm&r=g","contentUrl":"https:\/\/secure.gravatar.com\/avatar\/9b83944ad4bb586f5b061e177ec90421c57dc65897720d856030931fc4ed8394?s=96&d=mm&r=g","caption":"dlbcontent"}}]}},"_links":{"self":[{"href":"https:\/\/dlb-aoer.de\/dreieich\/wp-json\/wp\/v2\/posts\/3103","targetHints":{"allow":["GET"]}}],"collection":[{"href":"https:\/\/dlb-aoer.de\/dreieich\/wp-json\/wp\/v2\/posts"}],"about":[{"href":"https:\/\/dlb-aoer.de\/dreieich\/wp-json\/wp\/v2\/types\/post"}],"author":[{"embeddable":true,"href":"https:\/\/dlb-aoer.de\/dreieich\/wp-json\/wp\/v2\/users\/2"}],"replies":[{"embeddable":true,"href":"https:\/\/dlb-aoer.de\/dreieich\/wp-json\/wp\/v2\/comments?post=3103"}],"version-history":[{"count":10,"href":"https:\/\/dlb-aoer.de\/dreieich\/wp-json\/wp\/v2\/posts\/3103\/revisions"}],"predecessor-version":[{"id":3150,"href":"https:\/\/dlb-aoer.de\/dreieich\/wp-json\/wp\/v2\/posts\/3103\/revisions\/3150"}],"wp:attachment":[{"href":"https:\/\/dlb-aoer.de\/dreieich\/wp-json\/wp\/v2\/media?parent=3103"}],"wp:term":[{"taxonomy":"category","embeddable":true,"href":"https:\/\/dlb-aoer.de\/dreieich\/wp-json\/wp\/v2\/categories?post=3103"},{"taxonomy":"post_tag","embeddable":true,"href":"https:\/\/dlb-aoer.de\/dreieich\/wp-json\/wp\/v2\/tags?post=3103"}],"curies":[{"name":"wp","href":"https:\/\/api.w.org\/{rel}","templated":true}]}}