{"id":3068,"date":"2022-10-18T09:31:19","date_gmt":"2022-10-18T07:31:19","guid":{"rendered":"https:\/\/dlb-aoer.de\/dreieich\/?p=3068"},"modified":"2022-10-18T09:41:16","modified_gmt":"2022-10-18T07:41:16","slug":"blumenzwiebeleinsaat","status":"publish","type":"post","link":"https:\/\/dlb-aoer.de\/dreieich\/blumenzwiebeleinsaat\/","title":{"rendered":"Blumenzwiebeleinsaat"},"content":{"rendered":"\t\t<div data-elementor-type=\"wp-post\" data-elementor-id=\"3068\" class=\"elementor elementor-3068\">\n\t\t\t\t\t\t\t\t\t<section class=\"elementor-section elementor-top-section elementor-element elementor-element-fc2f3ab elementor-section-boxed elementor-section-height-default elementor-section-height-default\" data-id=\"fc2f3ab\" data-element_type=\"section\">\n\t\t\t\t\t\t<div class=\"elementor-container elementor-column-gap-default\">\n\t\t\t\t\t<div class=\"elementor-column elementor-col-100 elementor-top-column elementor-element elementor-element-fcf6e90\" data-id=\"fcf6e90\" data-element_type=\"column\">\n\t\t\t<div class=\"elementor-widget-wrap elementor-element-populated\">\n\t\t\t\t\t\t\t\t<div class=\"elementor-element elementor-element-5e8e20b elementor-widget elementor-widget-text-editor\" data-id=\"5e8e20b\" data-element_type=\"widget\" data-widget_type=\"text-editor.default\">\n\t\t\t\t<div class=\"elementor-widget-container\">\n\t\t\t\t\t\t\t<p>Blumenzwiebeln &#8211; f\u00fcr mehr Biodiversit\u00e4t im Rasen<\/p><p>Einige Dreieicher Rasenfl\u00e4chen erfahren diesen Herbst eine Aufwertung durch eine Blumenzwiebeleinsaat<\/p><p>Im Zuge des Labeling-Verfahrens \u201eStadtgr\u00fcn naturnah\u201c der Stadt Dreieich, wurden zur Steigerung der Biodiversit\u00e4t und dem Nahrungsangebot im zeitigen Fr\u00fchjahr in 2020 an mehreren Standorten im Stadtgebiet Blumenzwiebeln in Rasen- und Wiesenfl\u00e4chen eingebracht. In diesem Jahr werden weitere drei Standorte aufgewertet.<\/p><p>Auf Anregung der \u00f6rtlichen BUND-Gruppe in Dreieich pflanzt der DLB auf dem Gel\u00e4nde der Burgruine in Dreieichenhain und um den Weiher fr\u00fch bl\u00fchende Krokusse, die im Laufe der Zeit selbst verwildern und im Fr\u00fchjahr Bl\u00fctenteppiche bilden werden. Bisher sind die Rasenfl\u00e4chen, die nun bepflanzt werden sollen, h\u00e4ufig gem\u00e4ht und ohne Bl\u00fctenpflanzen. Nun soll der Tisch gedeckt werden f\u00fcr unsere heimischen Insekten, die zunehmend unter Nahrungsmangel leiden, weil sie in G\u00e4rten und Feldern keine geeigneten Nahrungspflanzen mehr finden.<\/p><p>Um die Pflanzung auf wirtschaftliche und effektive Weise umzusetzen, wird daf\u00fcr eine spezielle Maschine eingesetzt. Die Arbeitsweise kann grob mit einer Kartoffellegemaschine verglichen werden. Ein kleiner Traktor zieht die Pflanzmaschine, die die Blumenzwiebeln unter die Grasnarbe legt. Ausgef\u00fchrt werden die Arbeiten am Mittwoch den 19. Oktober.<\/p><p>Weitere geplante Standorte sind neben der Hayner Burg ein Streifen entlang der Offenbacher Stra\u00dfe in Sprendlingen, sowie in Offenthal die beiden Kreisel an der Ortsumfahrung. Die Kosten f\u00fcr die Blumenzwiebel Pflanzaktion belaufen sich auf rund 8.300 \u20ac.<\/p>\t\t\t\t\t\t<\/div>\n\t\t\t\t<\/div>\n\t\t\t\t\t<\/div>\n\t\t<\/div>\n\t\t\t\t\t\t\t<\/div>\n\t\t<\/section>\n\t\t\t\t<section class=\"elementor-section elementor-top-section elementor-element elementor-element-fd262c8 elementor-section-boxed elementor-section-height-default elementor-section-height-default\" data-id=\"fd262c8\" data-element_type=\"section\">\n\t\t\t\t\t\t<div class=\"elementor-container elementor-column-gap-default\">\n\t\t\t\t\t<div class=\"elementor-column elementor-col-100 elementor-top-column elementor-element elementor-element-1d4a6d5\" data-id=\"1d4a6d5\" data-element_type=\"column\">\n\t\t\t<div class=\"elementor-widget-wrap elementor-element-populated\">\n\t\t\t\t\t\t\t\t<div class=\"elementor-element elementor-element-446c050 elementor-widget elementor-widget-image\" data-id=\"446c050\" data-element_type=\"widget\" data-widget_type=\"image.default\">\n\t\t\t\t<div class=\"elementor-widget-container\">\n\t\t\t\t\t\t\t\t\t\t\t\t\t\t\t<img loading=\"lazy\" decoding=\"async\" width=\"300\" height=\"300\" src=\"https:\/\/dlb-aoer.de\/dreieich\/wp-content\/uploads\/sites\/4\/2022\/10\/Blumenzwiebeln-300x300.jpg\" class=\"attachment-medium size-medium wp-image-3070\" alt=\"Maschinelle Blumenzwiebelpflanzung. Einoranger Traktor ziet einen Anh\u00e4nger mit der Pflanzmaschine. Diese besteht aus einem orangen Trichter. Eine Person f\u00e4hrt den Traktor, eine andere Person steht hinter dem Trichter der Pflanzmaschine.\" srcset=\"https:\/\/dlb-aoer.de\/dreieich\/wp-content\/uploads\/sites\/4\/2022\/10\/Blumenzwiebeln-300x300.jpg 300w, https:\/\/dlb-aoer.de\/dreieich\/wp-content\/uploads\/sites\/4\/2022\/10\/Blumenzwiebeln-150x150.jpg 150w, https:\/\/dlb-aoer.de\/dreieich\/wp-content\/uploads\/sites\/4\/2022\/10\/Blumenzwiebeln-768x768.jpg 768w, https:\/\/dlb-aoer.de\/dreieich\/wp-content\/uploads\/sites\/4\/2022\/10\/Blumenzwiebeln-230x230.jpg 230w, https:\/\/dlb-aoer.de\/dreieich\/wp-content\/uploads\/sites\/4\/2022\/10\/Blumenzwiebeln-350x350.jpg 350w, https:\/\/dlb-aoer.de\/dreieich\/wp-content\/uploads\/sites\/4\/2022\/10\/Blumenzwiebeln-480x480.jpg 480w, https:\/\/dlb-aoer.de\/dreieich\/wp-content\/uploads\/sites\/4\/2022\/10\/Blumenzwiebeln.jpg 1000w\" sizes=\"auto, (max-width: 300px) 100vw, 300px\" \/>\t\t\t\t\t\t\t\t\t\t\t\t\t\t\t<\/div>\n\t\t\t\t<\/div>\n\t\t\t\t\t<\/div>\n\t\t<\/div>\n\t\t\t\t\t\t\t<\/div>\n\t\t<\/section>\n\t\t\t\t\t\t\t<\/div>\n\t\t","protected":false},"excerpt":{"rendered":"<p>Blumenzwiebeln &#8211; f\u00fcr mehr Biodiversit\u00e4t im Rasen Einige Dreieicher Rasenfl\u00e4chen erfahren diesen Herbst eine Aufwertung durch eine Blumenzwiebeleinsaat Im Zuge des Labeling-Verfahrens [&hellip;]<\/p>\n","protected":false},"author":2,"featured_media":0,"comment_status":"closed","ping_status":"closed","sticky":false,"template":"","format":"standard","meta":{"inline_featured_image":false,"footnotes":"","_links_to":"","_links_to_target":""},"categories":[1],"tags":[],"class_list":["post-3068","post","type-post","status-publish","format-standard","hentry","category-allgemein"],"yoast_head":"<!-- This site is optimized with the Yoast SEO plugin v21.6 - https:\/\/yoast.com\/wordpress\/plugins\/seo\/ -->\n<title>Blumenzwiebeleinsaat - DLB Dreieich<\/title>\n<meta name=\"robots\" content=\"noindex, follow\" \/>\n<meta property=\"og:locale\" content=\"de_DE\" \/>\n<meta property=\"og:type\" content=\"article\" \/>\n<meta property=\"og:title\" content=\"Blumenzwiebeleinsaat - DLB Dreieich\" \/>\n<meta property=\"og:description\" content=\"Blumenzwiebeln &#8211; f\u00fcr mehr Biodiversit\u00e4t im Rasen Einige Dreieicher Rasenfl\u00e4chen erfahren diesen Herbst eine Aufwertung durch eine Blumenzwiebeleinsaat Im Zuge des Labeling-Verfahrens [&hellip;]\" \/>\n<meta property=\"og:url\" content=\"https:\/\/dlb-aoer.de\/dreieich\/blumenzwiebeleinsaat\/\" \/>\n<meta property=\"og:site_name\" content=\"DLB Dreieich\" \/>\n<meta property=\"article:published_time\" content=\"2022-10-18T07:31:19+00:00\" \/>\n<meta property=\"article:modified_time\" content=\"2022-10-18T07:41:16+00:00\" \/>\n<meta property=\"og:image\" content=\"https:\/\/dlb-aoer.de\/dreieich\/wp-content\/uploads\/sites\/4\/2022\/10\/Blumenzwiebeln-300x300.jpg\" \/>\n<meta name=\"author\" content=\"dlbcontent\" \/>\n<meta name=\"twitter:card\" content=\"summary_large_image\" \/>\n<meta name=\"twitter:label1\" content=\"Verfasst von\" \/>\n\t<meta name=\"twitter:data1\" content=\"dlbcontent\" \/>\n<script type=\"application\/ld+json\" class=\"yoast-schema-graph\">{\"@context\":\"https:\/\/schema.org\",\"@graph\":[{\"@type\":\"Article\",\"@id\":\"https:\/\/dlb-aoer.de\/dreieich\/blumenzwiebeleinsaat\/#article\",\"isPartOf\":{\"@id\":\"https:\/\/dlb-aoer.de\/dreieich\/blumenzwiebeleinsaat\/\"},\"author\":{\"name\":\"dlbcontent\",\"@id\":\"https:\/\/dlb-aoer.de\/dreieich\/#\/schema\/person\/ace12b78b8beb2c401214583e8abb0ea\"},\"headline\":\"Blumenzwiebeleinsaat\",\"datePublished\":\"2022-10-18T07:31:19+00:00\",\"dateModified\":\"2022-10-18T07:41:16+00:00\",\"mainEntityOfPage\":{\"@id\":\"https:\/\/dlb-aoer.de\/dreieich\/blumenzwiebeleinsaat\/\"},\"wordCount\":238,\"publisher\":{\"@id\":\"https:\/\/dlb-aoer.de\/dreieich\/#organization\"},\"inLanguage\":\"de\"},{\"@type\":\"WebPage\",\"@id\":\"https:\/\/dlb-aoer.de\/dreieich\/blumenzwiebeleinsaat\/\",\"url\":\"https:\/\/dlb-aoer.de\/dreieich\/blumenzwiebeleinsaat\/\",\"name\":\"Blumenzwiebeleinsaat - DLB Dreieich\",\"isPartOf\":{\"@id\":\"https:\/\/dlb-aoer.de\/dreieich\/#website\"},\"datePublished\":\"2022-10-18T07:31:19+00:00\",\"dateModified\":\"2022-10-18T07:41:16+00:00\",\"breadcrumb\":{\"@id\":\"https:\/\/dlb-aoer.de\/dreieich\/blumenzwiebeleinsaat\/#breadcrumb\"},\"inLanguage\":\"de\",\"potentialAction\":[{\"@type\":\"ReadAction\",\"target\":[\"https:\/\/dlb-aoer.de\/dreieich\/blumenzwiebeleinsaat\/\"]}]},{\"@type\":\"BreadcrumbList\",\"@id\":\"https:\/\/dlb-aoer.de\/dreieich\/blumenzwiebeleinsaat\/#breadcrumb\",\"itemListElement\":[{\"@type\":\"ListItem\",\"position\":1,\"name\":\"Startseite\",\"item\":\"https:\/\/dlb-aoer.de\/dreieich\/\"},{\"@type\":\"ListItem\",\"position\":2,\"name\":\"Blumenzwiebeleinsaat\"}]},{\"@type\":\"WebSite\",\"@id\":\"https:\/\/dlb-aoer.de\/dreieich\/#website\",\"url\":\"https:\/\/dlb-aoer.de\/dreieich\/\",\"name\":\"DLB Dreieich\",\"description\":\"\",\"publisher\":{\"@id\":\"https:\/\/dlb-aoer.de\/dreieich\/#organization\"},\"potentialAction\":[{\"@type\":\"SearchAction\",\"target\":{\"@type\":\"EntryPoint\",\"urlTemplate\":\"https:\/\/dlb-aoer.de\/dreieich\/?s={search_term_string}\"},\"query-input\":\"required name=search_term_string\"}],\"inLanguage\":\"de\"},{\"@type\":\"Organization\",\"@id\":\"https:\/\/dlb-aoer.de\/dreieich\/#organization\",\"name\":\"Dienstleistungsbetrieb Dreieich und Neu-Isenburg A\u00f6R\",\"url\":\"https:\/\/dlb-aoer.de\/dreieich\/\",\"logo\":{\"@type\":\"ImageObject\",\"inLanguage\":\"de\",\"@id\":\"https:\/\/dlb-aoer.de\/dreieich\/#\/schema\/logo\/image\/\",\"url\":\"https:\/\/dlb-aoer.de\/dreieich\/wp-content\/uploads\/sites\/4\/2019\/10\/DLB_Logo_orange.svg\",\"contentUrl\":\"https:\/\/dlb-aoer.de\/dreieich\/wp-content\/uploads\/sites\/4\/2019\/10\/DLB_Logo_orange.svg\",\"width\":1,\"height\":1,\"caption\":\"Dienstleistungsbetrieb Dreieich und Neu-Isenburg A\u00f6R\"},\"image\":{\"@id\":\"https:\/\/dlb-aoer.de\/dreieich\/#\/schema\/logo\/image\/\"}},{\"@type\":\"Person\",\"@id\":\"https:\/\/dlb-aoer.de\/dreieich\/#\/schema\/person\/ace12b78b8beb2c401214583e8abb0ea\",\"name\":\"dlbcontent\",\"image\":{\"@type\":\"ImageObject\",\"inLanguage\":\"de\",\"@id\":\"https:\/\/dlb-aoer.de\/dreieich\/#\/schema\/person\/image\/\",\"url\":\"https:\/\/secure.gravatar.com\/avatar\/9b83944ad4bb586f5b061e177ec90421c57dc65897720d856030931fc4ed8394?s=96&d=mm&r=g\",\"contentUrl\":\"https:\/\/secure.gravatar.com\/avatar\/9b83944ad4bb586f5b061e177ec90421c57dc65897720d856030931fc4ed8394?s=96&d=mm&r=g\",\"caption\":\"dlbcontent\"}}]}<\/script>\n<!-- \/ Yoast SEO plugin. -->","yoast_head_json":{"title":"Blumenzwiebeleinsaat - DLB Dreieich","robots":{"index":"noindex","follow":"follow"},"og_locale":"de_DE","og_type":"article","og_title":"Blumenzwiebeleinsaat - DLB Dreieich","og_description":"Blumenzwiebeln &#8211; f\u00fcr mehr Biodiversit\u00e4t im Rasen Einige Dreieicher Rasenfl\u00e4chen erfahren diesen Herbst eine Aufwertung durch eine Blumenzwiebeleinsaat Im Zuge des Labeling-Verfahrens [&hellip;]","og_url":"https:\/\/dlb-aoer.de\/dreieich\/blumenzwiebeleinsaat\/","og_site_name":"DLB Dreieich","article_published_time":"2022-10-18T07:31:19+00:00","article_modified_time":"2022-10-18T07:41:16+00:00","og_image":[{"url":"https:\/\/dlb-aoer.de\/dreieich\/wp-content\/uploads\/sites\/4\/2022\/10\/Blumenzwiebeln-300x300.jpg"}],"author":"dlbcontent","twitter_card":"summary_large_image","twitter_misc":{"Verfasst von":"dlbcontent"},"schema":{"@context":"https:\/\/schema.org","@graph":[{"@type":"Article","@id":"https:\/\/dlb-aoer.de\/dreieich\/blumenzwiebeleinsaat\/#article","isPartOf":{"@id":"https:\/\/dlb-aoer.de\/dreieich\/blumenzwiebeleinsaat\/"},"author":{"name":"dlbcontent","@id":"https:\/\/dlb-aoer.de\/dreieich\/#\/schema\/person\/ace12b78b8beb2c401214583e8abb0ea"},"headline":"Blumenzwiebeleinsaat","datePublished":"2022-10-18T07:31:19+00:00","dateModified":"2022-10-18T07:41:16+00:00","mainEntityOfPage":{"@id":"https:\/\/dlb-aoer.de\/dreieich\/blumenzwiebeleinsaat\/"},"wordCount":238,"publisher":{"@id":"https:\/\/dlb-aoer.de\/dreieich\/#organization"},"inLanguage":"de"},{"@type":"WebPage","@id":"https:\/\/dlb-aoer.de\/dreieich\/blumenzwiebeleinsaat\/","url":"https:\/\/dlb-aoer.de\/dreieich\/blumenzwiebeleinsaat\/","name":"Blumenzwiebeleinsaat - DLB Dreieich","isPartOf":{"@id":"https:\/\/dlb-aoer.de\/dreieich\/#website"},"datePublished":"2022-10-18T07:31:19+00:00","dateModified":"2022-10-18T07:41:16+00:00","breadcrumb":{"@id":"https:\/\/dlb-aoer.de\/dreieich\/blumenzwiebeleinsaat\/#breadcrumb"},"inLanguage":"de","potentialAction":[{"@type":"ReadAction","target":["https:\/\/dlb-aoer.de\/dreieich\/blumenzwiebeleinsaat\/"]}]},{"@type":"BreadcrumbList","@id":"https:\/\/dlb-aoer.de\/dreieich\/blumenzwiebeleinsaat\/#breadcrumb","itemListElement":[{"@type":"ListItem","position":1,"name":"Startseite","item":"https:\/\/dlb-aoer.de\/dreieich\/"},{"@type":"ListItem","position":2,"name":"Blumenzwiebeleinsaat"}]},{"@type":"WebSite","@id":"https:\/\/dlb-aoer.de\/dreieich\/#website","url":"https:\/\/dlb-aoer.de\/dreieich\/","name":"DLB Dreieich","description":"","publisher":{"@id":"https:\/\/dlb-aoer.de\/dreieich\/#organization"},"potentialAction":[{"@type":"SearchAction","target":{"@type":"EntryPoint","urlTemplate":"https:\/\/dlb-aoer.de\/dreieich\/?s={search_term_string}"},"query-input":"required name=search_term_string"}],"inLanguage":"de"},{"@type":"Organization","@id":"https:\/\/dlb-aoer.de\/dreieich\/#organization","name":"Dienstleistungsbetrieb Dreieich und Neu-Isenburg A\u00f6R","url":"https:\/\/dlb-aoer.de\/dreieich\/","logo":{"@type":"ImageObject","inLanguage":"de","@id":"https:\/\/dlb-aoer.de\/dreieich\/#\/schema\/logo\/image\/","url":"https:\/\/dlb-aoer.de\/dreieich\/wp-content\/uploads\/sites\/4\/2019\/10\/DLB_Logo_orange.svg","contentUrl":"https:\/\/dlb-aoer.de\/dreieich\/wp-content\/uploads\/sites\/4\/2019\/10\/DLB_Logo_orange.svg","width":1,"height":1,"caption":"Dienstleistungsbetrieb Dreieich und Neu-Isenburg A\u00f6R"},"image":{"@id":"https:\/\/dlb-aoer.de\/dreieich\/#\/schema\/logo\/image\/"}},{"@type":"Person","@id":"https:\/\/dlb-aoer.de\/dreieich\/#\/schema\/person\/ace12b78b8beb2c401214583e8abb0ea","name":"dlbcontent","image":{"@type":"ImageObject","inLanguage":"de","@id":"https:\/\/dlb-aoer.de\/dreieich\/#\/schema\/person\/image\/","url":"https:\/\/secure.gravatar.com\/avatar\/9b83944ad4bb586f5b061e177ec90421c57dc65897720d856030931fc4ed8394?s=96&d=mm&r=g","contentUrl":"https:\/\/secure.gravatar.com\/avatar\/9b83944ad4bb586f5b061e177ec90421c57dc65897720d856030931fc4ed8394?s=96&d=mm&r=g","caption":"dlbcontent"}}]}},"_links":{"self":[{"href":"https:\/\/dlb-aoer.de\/dreieich\/wp-json\/wp\/v2\/posts\/3068","targetHints":{"allow":["GET"]}}],"collection":[{"href":"https:\/\/dlb-aoer.de\/dreieich\/wp-json\/wp\/v2\/posts"}],"about":[{"href":"https:\/\/dlb-aoer.de\/dreieich\/wp-json\/wp\/v2\/types\/post"}],"author":[{"embeddable":true,"href":"https:\/\/dlb-aoer.de\/dreieich\/wp-json\/wp\/v2\/users\/2"}],"replies":[{"embeddable":true,"href":"https:\/\/dlb-aoer.de\/dreieich\/wp-json\/wp\/v2\/comments?post=3068"}],"version-history":[{"count":4,"href":"https:\/\/dlb-aoer.de\/dreieich\/wp-json\/wp\/v2\/posts\/3068\/revisions"}],"predecessor-version":[{"id":3073,"href":"https:\/\/dlb-aoer.de\/dreieich\/wp-json\/wp\/v2\/posts\/3068\/revisions\/3073"}],"wp:attachment":[{"href":"https:\/\/dlb-aoer.de\/dreieich\/wp-json\/wp\/v2\/media?parent=3068"}],"wp:term":[{"taxonomy":"category","embeddable":true,"href":"https:\/\/dlb-aoer.de\/dreieich\/wp-json\/wp\/v2\/categories?post=3068"},{"taxonomy":"post_tag","embeddable":true,"href":"https:\/\/dlb-aoer.de\/dreieich\/wp-json\/wp\/v2\/tags?post=3068"}],"curies":[{"name":"wp","href":"https:\/\/api.w.org\/{rel}","templated":true}]}}