{"id":2744,"date":"2022-07-14T08:56:58","date_gmt":"2022-07-14T06:56:58","guid":{"rendered":"https:\/\/dlb-aoer.de\/dreieich\/?p=2744"},"modified":"2022-07-14T08:57:43","modified_gmt":"2022-07-14T06:57:43","slug":"schueler-setzen-zeichen-fuer-umweltschutz","status":"publish","type":"post","link":"https:\/\/dlb-aoer.de\/dreieich\/schueler-setzen-zeichen-fuer-umweltschutz\/","title":{"rendered":"Sch\u00fcler setzen Zeichen f\u00fcr Umweltschutz"},"content":{"rendered":"\t\t<div data-elementor-type=\"wp-post\" data-elementor-id=\"2744\" class=\"elementor elementor-2744\">\n\t\t\t\t\t\t\t\t\t<section class=\"elementor-section elementor-top-section elementor-element elementor-element-76e7407 elementor-section-boxed elementor-section-height-default elementor-section-height-default\" data-id=\"76e7407\" data-element_type=\"section\">\n\t\t\t\t\t\t<div class=\"elementor-container elementor-column-gap-default\">\n\t\t\t\t\t<div class=\"elementor-column elementor-col-100 elementor-top-column elementor-element elementor-element-cf43843\" data-id=\"cf43843\" data-element_type=\"column\">\n\t\t\t<div class=\"elementor-widget-wrap elementor-element-populated\">\n\t\t\t\t\t\t\t\t<div class=\"elementor-element elementor-element-79b710f elementor-widget elementor-widget-text-editor\" data-id=\"79b710f\" data-element_type=\"widget\" data-widget_type=\"text-editor.default\">\n\t\t\t\t<div class=\"elementor-widget-container\">\n\t\t\t\t\t\t\t<p>\u201eSauberhafter Schulweg\u201c am 19. Juli 2022 in Dreieich<\/p><p>Am \u201eSauberhaften Schulweg\u201c sind wieder die Umweltsch\u00fctzerinnen und -sch\u00fctzer von morgen unterwegs. Gemeinsam mit zahlreichen anderen Kindern und Jugendlichen in ganz Hessen gehen die Sch\u00fclerinnen und Sch\u00fcler in Dreieich mit gutem Beispiel voran und sammeln am Dienstag, den 19. Juli, leichtfertig weggeworfene Abf\u00e4lle ein.<\/p><p>Sie erfahren dabei, dass man ohne viel Aufwand viel f\u00fcr die Umwelt tun kann und schnell zum Vorbild f\u00fcr andere wird. Ihre Botschaft: Dinge in die Natur oder auf die Stra\u00dfe zu werfen geht gar nicht; auch keine Kaugummis, Zigarettenkippen oder Bonbonpapierchen. Jeder kann ganz einfach etwas f\u00fcr den Umweltschutz tun!<\/p><p>\u201eWir freuen uns, dass sich einige Schulen angemeldet haben!\u201c, sagt Petra Klink, Vorstand DLB A\u00f6R. Insgesamt nehmen eine Nachmittagsbetreuung und drei Schulen mit circa 270 Sch\u00fclerinnen und Sch\u00fclern in Dreieich an der Aktion teil. Die DLB A\u00f6R hat schon vor einigen Wochen zur Teilnahme aufgerufen und alle angemeldeten Schulen mit dem passenden Material ausgestattet.<\/p><p>Folgende Schulen sind am 19. Juli in Dreieich dabei:<\/p><p>Heinrich-Heine-Schule, Gerhart-Hauptmann-Schule, Max-Eyth-Schule und AWO- Sch\u00fclerbetreuung der Selma-Lagerl\u00f6f-Schule.<\/p><p>\u201eEs ist sch\u00f6n zu sehen, dass sich auch dieses Jahr wieder viele Dreieicher Sch\u00fclerinnen und Sch\u00fcler aktiv f\u00fcr den Umweltschutz in ihrer Stadt einsetzen\u201c, sagt B\u00fcrgermeister Martin Burlon. \u201eNur wenn wir heute das Bewusstsein der jungen Generationen f\u00fcr Themen wie M\u00fcllvermeidung oder Klimaschutz sch\u00e4rfen, k\u00f6nnen wir zuk\u00fcnftig f\u00fcr eine bessere und sch\u00f6ne Umwelt auch direkt hier vor Ort sorgen.\u201c<\/p><p>Der \u201eSauberhafte Schulweg\u201c findet j\u00e4hrlich im Rahmen der Umweltkampagne der Hessischen Landesregierung \u201eSauberhaftes Hessen\u201c statt. Ziel der Kampagne ist es, das Bewusstsein f\u00fcr eine intakte Umwelt, den Wert von Ressourcen und die Wichtigkeit von Abfallvermeidung zu sch\u00e4rfen. Seit 2002 haben jedes Jahr Tausende hessische B\u00fcrgerinnen und B\u00fcrger bei unz\u00e4hligen Sammelaktionen selbst Hand angelegt und verschmutzte Fl\u00e4chen von Abf\u00e4llen befreit. 2022 feiert die Kampagne bereits ihr 20-j\u00e4hriges Jubil\u00e4um.<\/p><p>Mehr Informationen finden Sie unter <a href=\"http:\/\/www.dlb-aoer.de\">www.dlb-aoer.de<\/a> oder sauberhaftes-hessen.de sowie auf den Social Media-Kan\u00e4len facebook.com\/umwelthessen, twitter.com\/umwelthessen und instagram.com\/umwelthessen.<\/p><p>\u00a0<\/p><p>\u00a0<\/p>\t\t\t\t\t\t<\/div>\n\t\t\t\t<\/div>\n\t\t\t\t\t<\/div>\n\t\t<\/div>\n\t\t\t\t\t\t\t<\/div>\n\t\t<\/section>\n\t\t\t\t\t\t\t<\/div>\n\t\t","protected":false},"excerpt":{"rendered":"<p>\u201eSauberhafter Schulweg\u201c am 19. Juli 2022 in Dreieich Am \u201eSauberhaften Schulweg\u201c sind wieder die Umweltsch\u00fctzerinnen und -sch\u00fctzer von morgen unterwegs. Gemeinsam mit [&hellip;]<\/p>\n","protected":false},"author":2,"featured_media":0,"comment_status":"closed","ping_status":"closed","sticky":false,"template":"","format":"standard","meta":{"inline_featured_image":false,"footnotes":"","_links_to":"","_links_to_target":""},"categories":[1],"tags":[],"class_list":["post-2744","post","type-post","status-publish","format-standard","hentry","category-allgemein"],"yoast_head":"<!-- This site is optimized with the Yoast SEO plugin v21.6 - https:\/\/yoast.com\/wordpress\/plugins\/seo\/ -->\n<title>Sch\u00fcler setzen Zeichen f\u00fcr Umweltschutz - DLB Dreieich<\/title>\n<meta name=\"robots\" content=\"noindex, follow\" \/>\n<meta property=\"og:locale\" content=\"de_DE\" \/>\n<meta property=\"og:type\" content=\"article\" \/>\n<meta property=\"og:title\" content=\"Sch\u00fcler setzen Zeichen f\u00fcr Umweltschutz - DLB Dreieich\" \/>\n<meta property=\"og:description\" content=\"\u201eSauberhafter Schulweg\u201c am 19. Juli 2022 in Dreieich Am \u201eSauberhaften Schulweg\u201c sind wieder die Umweltsch\u00fctzerinnen und -sch\u00fctzer von morgen unterwegs. Gemeinsam mit [&hellip;]\" \/>\n<meta property=\"og:url\" content=\"https:\/\/dlb-aoer.de\/dreieich\/schueler-setzen-zeichen-fuer-umweltschutz\/\" \/>\n<meta property=\"og:site_name\" content=\"DLB Dreieich\" \/>\n<meta property=\"article:published_time\" content=\"2022-07-14T06:56:58+00:00\" \/>\n<meta property=\"article:modified_time\" content=\"2022-07-14T06:57:43+00:00\" \/>\n<meta name=\"author\" content=\"dlbcontent\" \/>\n<meta name=\"twitter:card\" content=\"summary_large_image\" \/>\n<meta name=\"twitter:label1\" content=\"Verfasst von\" \/>\n\t<meta name=\"twitter:data1\" content=\"dlbcontent\" \/>\n\t<meta name=\"twitter:label2\" content=\"Gesch\u00e4tzte Lesezeit\" \/>\n\t<meta name=\"twitter:data2\" content=\"2\u00a0Minuten\" \/>\n<script type=\"application\/ld+json\" class=\"yoast-schema-graph\">{\"@context\":\"https:\/\/schema.org\",\"@graph\":[{\"@type\":\"Article\",\"@id\":\"https:\/\/dlb-aoer.de\/dreieich\/schueler-setzen-zeichen-fuer-umweltschutz\/#article\",\"isPartOf\":{\"@id\":\"https:\/\/dlb-aoer.de\/dreieich\/schueler-setzen-zeichen-fuer-umweltschutz\/\"},\"author\":{\"name\":\"dlbcontent\",\"@id\":\"https:\/\/dlb-aoer.de\/dreieich\/#\/schema\/person\/ace12b78b8beb2c401214583e8abb0ea\"},\"headline\":\"Sch\u00fcler setzen Zeichen f\u00fcr Umweltschutz\",\"datePublished\":\"2022-07-14T06:56:58+00:00\",\"dateModified\":\"2022-07-14T06:57:43+00:00\",\"mainEntityOfPage\":{\"@id\":\"https:\/\/dlb-aoer.de\/dreieich\/schueler-setzen-zeichen-fuer-umweltschutz\/\"},\"wordCount\":364,\"publisher\":{\"@id\":\"https:\/\/dlb-aoer.de\/dreieich\/#organization\"},\"inLanguage\":\"de\"},{\"@type\":\"WebPage\",\"@id\":\"https:\/\/dlb-aoer.de\/dreieich\/schueler-setzen-zeichen-fuer-umweltschutz\/\",\"url\":\"https:\/\/dlb-aoer.de\/dreieich\/schueler-setzen-zeichen-fuer-umweltschutz\/\",\"name\":\"Sch\u00fcler setzen Zeichen f\u00fcr Umweltschutz - DLB Dreieich\",\"isPartOf\":{\"@id\":\"https:\/\/dlb-aoer.de\/dreieich\/#website\"},\"datePublished\":\"2022-07-14T06:56:58+00:00\",\"dateModified\":\"2022-07-14T06:57:43+00:00\",\"breadcrumb\":{\"@id\":\"https:\/\/dlb-aoer.de\/dreieich\/schueler-setzen-zeichen-fuer-umweltschutz\/#breadcrumb\"},\"inLanguage\":\"de\",\"potentialAction\":[{\"@type\":\"ReadAction\",\"target\":[\"https:\/\/dlb-aoer.de\/dreieich\/schueler-setzen-zeichen-fuer-umweltschutz\/\"]}]},{\"@type\":\"BreadcrumbList\",\"@id\":\"https:\/\/dlb-aoer.de\/dreieich\/schueler-setzen-zeichen-fuer-umweltschutz\/#breadcrumb\",\"itemListElement\":[{\"@type\":\"ListItem\",\"position\":1,\"name\":\"Startseite\",\"item\":\"https:\/\/dlb-aoer.de\/dreieich\/\"},{\"@type\":\"ListItem\",\"position\":2,\"name\":\"Sch\u00fcler setzen Zeichen f\u00fcr Umweltschutz\"}]},{\"@type\":\"WebSite\",\"@id\":\"https:\/\/dlb-aoer.de\/dreieich\/#website\",\"url\":\"https:\/\/dlb-aoer.de\/dreieich\/\",\"name\":\"DLB Dreieich\",\"description\":\"\",\"publisher\":{\"@id\":\"https:\/\/dlb-aoer.de\/dreieich\/#organization\"},\"potentialAction\":[{\"@type\":\"SearchAction\",\"target\":{\"@type\":\"EntryPoint\",\"urlTemplate\":\"https:\/\/dlb-aoer.de\/dreieich\/?s={search_term_string}\"},\"query-input\":\"required name=search_term_string\"}],\"inLanguage\":\"de\"},{\"@type\":\"Organization\",\"@id\":\"https:\/\/dlb-aoer.de\/dreieich\/#organization\",\"name\":\"Dienstleistungsbetrieb Dreieich und Neu-Isenburg A\u00f6R\",\"url\":\"https:\/\/dlb-aoer.de\/dreieich\/\",\"logo\":{\"@type\":\"ImageObject\",\"inLanguage\":\"de\",\"@id\":\"https:\/\/dlb-aoer.de\/dreieich\/#\/schema\/logo\/image\/\",\"url\":\"https:\/\/dlb-aoer.de\/dreieich\/wp-content\/uploads\/sites\/4\/2019\/10\/DLB_Logo_orange.svg\",\"contentUrl\":\"https:\/\/dlb-aoer.de\/dreieich\/wp-content\/uploads\/sites\/4\/2019\/10\/DLB_Logo_orange.svg\",\"width\":1,\"height\":1,\"caption\":\"Dienstleistungsbetrieb Dreieich und Neu-Isenburg A\u00f6R\"},\"image\":{\"@id\":\"https:\/\/dlb-aoer.de\/dreieich\/#\/schema\/logo\/image\/\"}},{\"@type\":\"Person\",\"@id\":\"https:\/\/dlb-aoer.de\/dreieich\/#\/schema\/person\/ace12b78b8beb2c401214583e8abb0ea\",\"name\":\"dlbcontent\",\"image\":{\"@type\":\"ImageObject\",\"inLanguage\":\"de\",\"@id\":\"https:\/\/dlb-aoer.de\/dreieich\/#\/schema\/person\/image\/\",\"url\":\"https:\/\/secure.gravatar.com\/avatar\/9b83944ad4bb586f5b061e177ec90421c57dc65897720d856030931fc4ed8394?s=96&d=mm&r=g\",\"contentUrl\":\"https:\/\/secure.gravatar.com\/avatar\/9b83944ad4bb586f5b061e177ec90421c57dc65897720d856030931fc4ed8394?s=96&d=mm&r=g\",\"caption\":\"dlbcontent\"}}]}<\/script>\n<!-- \/ Yoast SEO plugin. -->","yoast_head_json":{"title":"Sch\u00fcler setzen Zeichen f\u00fcr Umweltschutz - DLB Dreieich","robots":{"index":"noindex","follow":"follow"},"og_locale":"de_DE","og_type":"article","og_title":"Sch\u00fcler setzen Zeichen f\u00fcr Umweltschutz - DLB Dreieich","og_description":"\u201eSauberhafter Schulweg\u201c am 19. Juli 2022 in Dreieich Am \u201eSauberhaften Schulweg\u201c sind wieder die Umweltsch\u00fctzerinnen und -sch\u00fctzer von morgen unterwegs. Gemeinsam mit [&hellip;]","og_url":"https:\/\/dlb-aoer.de\/dreieich\/schueler-setzen-zeichen-fuer-umweltschutz\/","og_site_name":"DLB Dreieich","article_published_time":"2022-07-14T06:56:58+00:00","article_modified_time":"2022-07-14T06:57:43+00:00","author":"dlbcontent","twitter_card":"summary_large_image","twitter_misc":{"Verfasst von":"dlbcontent","Gesch\u00e4tzte Lesezeit":"2\u00a0Minuten"},"schema":{"@context":"https:\/\/schema.org","@graph":[{"@type":"Article","@id":"https:\/\/dlb-aoer.de\/dreieich\/schueler-setzen-zeichen-fuer-umweltschutz\/#article","isPartOf":{"@id":"https:\/\/dlb-aoer.de\/dreieich\/schueler-setzen-zeichen-fuer-umweltschutz\/"},"author":{"name":"dlbcontent","@id":"https:\/\/dlb-aoer.de\/dreieich\/#\/schema\/person\/ace12b78b8beb2c401214583e8abb0ea"},"headline":"Sch\u00fcler setzen Zeichen f\u00fcr Umweltschutz","datePublished":"2022-07-14T06:56:58+00:00","dateModified":"2022-07-14T06:57:43+00:00","mainEntityOfPage":{"@id":"https:\/\/dlb-aoer.de\/dreieich\/schueler-setzen-zeichen-fuer-umweltschutz\/"},"wordCount":364,"publisher":{"@id":"https:\/\/dlb-aoer.de\/dreieich\/#organization"},"inLanguage":"de"},{"@type":"WebPage","@id":"https:\/\/dlb-aoer.de\/dreieich\/schueler-setzen-zeichen-fuer-umweltschutz\/","url":"https:\/\/dlb-aoer.de\/dreieich\/schueler-setzen-zeichen-fuer-umweltschutz\/","name":"Sch\u00fcler setzen Zeichen f\u00fcr Umweltschutz - DLB Dreieich","isPartOf":{"@id":"https:\/\/dlb-aoer.de\/dreieich\/#website"},"datePublished":"2022-07-14T06:56:58+00:00","dateModified":"2022-07-14T06:57:43+00:00","breadcrumb":{"@id":"https:\/\/dlb-aoer.de\/dreieich\/schueler-setzen-zeichen-fuer-umweltschutz\/#breadcrumb"},"inLanguage":"de","potentialAction":[{"@type":"ReadAction","target":["https:\/\/dlb-aoer.de\/dreieich\/schueler-setzen-zeichen-fuer-umweltschutz\/"]}]},{"@type":"BreadcrumbList","@id":"https:\/\/dlb-aoer.de\/dreieich\/schueler-setzen-zeichen-fuer-umweltschutz\/#breadcrumb","itemListElement":[{"@type":"ListItem","position":1,"name":"Startseite","item":"https:\/\/dlb-aoer.de\/dreieich\/"},{"@type":"ListItem","position":2,"name":"Sch\u00fcler setzen Zeichen f\u00fcr Umweltschutz"}]},{"@type":"WebSite","@id":"https:\/\/dlb-aoer.de\/dreieich\/#website","url":"https:\/\/dlb-aoer.de\/dreieich\/","name":"DLB Dreieich","description":"","publisher":{"@id":"https:\/\/dlb-aoer.de\/dreieich\/#organization"},"potentialAction":[{"@type":"SearchAction","target":{"@type":"EntryPoint","urlTemplate":"https:\/\/dlb-aoer.de\/dreieich\/?s={search_term_string}"},"query-input":"required name=search_term_string"}],"inLanguage":"de"},{"@type":"Organization","@id":"https:\/\/dlb-aoer.de\/dreieich\/#organization","name":"Dienstleistungsbetrieb Dreieich und Neu-Isenburg A\u00f6R","url":"https:\/\/dlb-aoer.de\/dreieich\/","logo":{"@type":"ImageObject","inLanguage":"de","@id":"https:\/\/dlb-aoer.de\/dreieich\/#\/schema\/logo\/image\/","url":"https:\/\/dlb-aoer.de\/dreieich\/wp-content\/uploads\/sites\/4\/2019\/10\/DLB_Logo_orange.svg","contentUrl":"https:\/\/dlb-aoer.de\/dreieich\/wp-content\/uploads\/sites\/4\/2019\/10\/DLB_Logo_orange.svg","width":1,"height":1,"caption":"Dienstleistungsbetrieb Dreieich und Neu-Isenburg A\u00f6R"},"image":{"@id":"https:\/\/dlb-aoer.de\/dreieich\/#\/schema\/logo\/image\/"}},{"@type":"Person","@id":"https:\/\/dlb-aoer.de\/dreieich\/#\/schema\/person\/ace12b78b8beb2c401214583e8abb0ea","name":"dlbcontent","image":{"@type":"ImageObject","inLanguage":"de","@id":"https:\/\/dlb-aoer.de\/dreieich\/#\/schema\/person\/image\/","url":"https:\/\/secure.gravatar.com\/avatar\/9b83944ad4bb586f5b061e177ec90421c57dc65897720d856030931fc4ed8394?s=96&d=mm&r=g","contentUrl":"https:\/\/secure.gravatar.com\/avatar\/9b83944ad4bb586f5b061e177ec90421c57dc65897720d856030931fc4ed8394?s=96&d=mm&r=g","caption":"dlbcontent"}}]}},"_links":{"self":[{"href":"https:\/\/dlb-aoer.de\/dreieich\/wp-json\/wp\/v2\/posts\/2744","targetHints":{"allow":["GET"]}}],"collection":[{"href":"https:\/\/dlb-aoer.de\/dreieich\/wp-json\/wp\/v2\/posts"}],"about":[{"href":"https:\/\/dlb-aoer.de\/dreieich\/wp-json\/wp\/v2\/types\/post"}],"author":[{"embeddable":true,"href":"https:\/\/dlb-aoer.de\/dreieich\/wp-json\/wp\/v2\/users\/2"}],"replies":[{"embeddable":true,"href":"https:\/\/dlb-aoer.de\/dreieich\/wp-json\/wp\/v2\/comments?post=2744"}],"version-history":[{"count":2,"href":"https:\/\/dlb-aoer.de\/dreieich\/wp-json\/wp\/v2\/posts\/2744\/revisions"}],"predecessor-version":[{"id":2746,"href":"https:\/\/dlb-aoer.de\/dreieich\/wp-json\/wp\/v2\/posts\/2744\/revisions\/2746"}],"wp:attachment":[{"href":"https:\/\/dlb-aoer.de\/dreieich\/wp-json\/wp\/v2\/media?parent=2744"}],"wp:term":[{"taxonomy":"category","embeddable":true,"href":"https:\/\/dlb-aoer.de\/dreieich\/wp-json\/wp\/v2\/categories?post=2744"},{"taxonomy":"post_tag","embeddable":true,"href":"https:\/\/dlb-aoer.de\/dreieich\/wp-json\/wp\/v2\/tags?post=2744"}],"curies":[{"name":"wp","href":"https:\/\/api.w.org\/{rel}","templated":true}]}}