{"id":2741,"date":"2022-07-14T08:48:12","date_gmt":"2022-07-14T06:48:12","guid":{"rendered":"https:\/\/dlb-aoer.de\/dreieich\/?p=2741"},"modified":"2022-08-17T07:21:49","modified_gmt":"2022-08-17T05:21:49","slug":"strassenbaeume-leiden-unter-hitze-und-trockenheit","status":"publish","type":"post","link":"https:\/\/dlb-aoer.de\/dreieich\/strassenbaeume-leiden-unter-hitze-und-trockenheit\/","title":{"rendered":"Stra\u00dfenb\u00e4ume leiden unter Hitze und Trockenheit"},"content":{"rendered":"\t\t<div data-elementor-type=\"wp-post\" data-elementor-id=\"2741\" class=\"elementor elementor-2741\">\n\t\t\t\t\t\t\t\t\t<section class=\"elementor-section elementor-top-section elementor-element elementor-element-865ec3d elementor-section-boxed elementor-section-height-default elementor-section-height-default\" data-id=\"865ec3d\" data-element_type=\"section\">\n\t\t\t\t\t\t<div class=\"elementor-container elementor-column-gap-default\">\n\t\t\t\t\t<div class=\"elementor-column elementor-col-100 elementor-top-column elementor-element elementor-element-7ce511f\" data-id=\"7ce511f\" data-element_type=\"column\">\n\t\t\t<div class=\"elementor-widget-wrap elementor-element-populated\">\n\t\t\t\t\t\t\t\t<div class=\"elementor-element elementor-element-0996a23 elementor-widget elementor-widget-text-editor\" data-id=\"0996a23\" data-element_type=\"widget\" data-widget_type=\"text-editor.default\">\n\t\t\t\t<div class=\"elementor-widget-container\">\n\t\t\t\t\t\t\t<p>Hohe Temperaturen und kaum Regen &#8211; das trocken-hei\u00dfe Wetter wird uns laut Wetterprognosen auch die kommenden Wochen erhalten bleiben. Die DLB A\u00f6R k\u00fcmmert sich deshalb in diesen Trockenphasen auch besonders um die Stra\u00dfenb\u00e4ume in Dreieich, die unter der anhaltenden Hitze und Trockenheit extrem leiden.<\/p><p>Die trocken-hei\u00dfen Jahre setzen sich \u2013 aus Sicht der B\u00e4ume &#8211; leider auch in diesem Jahr fort. Bereits im April und Juni war es sehr hei\u00df und trocken. Bereits Mitte April musste der erste Bew\u00e4sserungsgang f\u00fcr die Jungb\u00e4ume gefahren werden und auch in den beiden n\u00e4chsten Wochen soll es keine nennenswerten Niederschl\u00e4ge geben. F\u00fcr Mitte Juli sind Werte knapp unter der 40-Grad-Marke prognostiziert.<\/p><p>Alt- und Jungb\u00e4ume leiden jetzt schon sehr und erste Ausf\u00e4lle sind bereits zu verzeichnen: Unter anderem sind in Dreieich-G\u00f6tzenhain am Gei\u00dfberg eine gro\u00dfe Ulme und in Dreieich-Offenthal in der Alten Rheinstra\u00dfe drei alte Linden abgestorben und m\u00fcssen kurzfristig gef\u00e4llt werden. &#8222;Durch innerst\u00e4dtische Versiegelung haben vor allem Stra\u00dfenb\u00e4ume immer mehr Probleme bei der Wasserversorgung. Ihre Lebensbedingungen sind an besonders hei\u00dfen Tagen teilweise w\u00fcsten\u00e4hnlich. Je kleiner die Baumscheibe, desto gr\u00f6\u00dfer die Not&#8220;, erl\u00e4utert Sylvio J\u00e4ckel, verantwortlich f\u00fcr die B\u00e4ume in beiden St\u00e4dten.<\/p><p>Besonders betroffen vom Wassermangel sind junge Stra\u00dfenb\u00e4ume, die erst in den letzten Jahren gepflanzt worden sind. Sie haben noch kein ausgepr\u00e4gtes Wurzelwerk und k\u00f6nnen noch kein Wasser aus tieferen Bodenschichten aufnehmen.<\/p><p>Die DLB A\u00f6R w\u00e4ssert deshalb verst\u00e4rkt Jungb\u00e4ume und Neupflanzungen. Der Altbaumbestand muss mit den schwierigen Bedingungen klarkommen. Der Durst der Pflanzen ist f\u00fcr die DLB-Mitarbeitenden alleine jedoch kaum zu bew\u00e4ltigen. Die bew\u00e4sserten Fl\u00e4chen sind bei hohen Temperaturen bereits ein paar Tage sp\u00e4ter wieder trocken.<\/p><p>\u201eBesonders prek\u00e4r ist die Lage bei den neu gepflanzten Eichen. Hier gibt es in Dreieich bereits erste Ausf\u00e4lle\u201c, berichtet J\u00e4ckel. \u201eDie gestressten Eichen werden vom Eichensplintk\u00e4fer angeflogen und die Larven fressen sich durch das Splintholz und unterbinden dadurch den Wassertransport in die Krone. Eine Bew\u00e4sserung des Baumes ist in diesen wenigen F\u00e4llen dann leider fruchtlos.\u201c<\/p><p>B\u00e4umen kommt aber im Klimawandel in den St\u00e4dten eine bedeutende Rolle zu, da sie in der Lage sind, Klimawandelfolgen abzumildern: Denn B\u00e4ume sind wahre Allesk\u00f6nner. Sie sehen nicht nur sch\u00f6n aus, sie spenden auch Schatten und leisten dar\u00fcber hinaus sehr viel f\u00fcr das Stadtklima. Jeder Baum k\u00fchlt unmittelbar vor Ort und sofort \u2013 zudem wirken die B\u00e4ume als Feinstaubfilter, gerade auch an hei\u00dfen Tagen eine sehr wichtige Eigenschaft. Ihre Bedeutung nimmt in diesen Zeiten stetig zu.<\/p><p>DLB -Vorstand Petra Klink appelliert deshalb an alle Dreieicherinnen und Dreieicher, einen Jungbaum in diesen Tagen in fu\u00dfl\u00e4ufiger N\u00e4he regelm\u00e4\u00dfig zu gie\u00dfen: \u201eWenn es m\u00f6glich ist, sollte der Baum jeden zweiten Tag mit mindestens zwei bis drei Gie\u00dfkannen Wasser am Stammfu\u00df gegossen werden. Putz- und Sp\u00fclwasser sind nicht geeignet. Die Pflanzen sind f\u00fcr jeden Tropfen dankbar. Jeder Liter z\u00e4hlt. Ein Zuviel gibt es nicht. Und der Dank ist gewiss: Die B\u00e4ume werden jede Extra-Portion Wasser mit \u00fcppigem Gr\u00fcn und einer K\u00fchlung der Luft belohnen!\u201c B\u00fcrgermeister Martin Burlon schlie\u00dft sich an: \u201eNur gemeinsam k\u00f6nnen wir es schaffen, die direkten Auswirkungen des Klimawandels zu bew\u00e4ltigen. Wenn jeder ein wenig mithilft, k\u00f6nnen wir den wertvollen und wichtigen Baumbestand in Dreieich erhalten. Ich danke allen B\u00fcrgerinnen und B\u00fcrgern, die sich hier engagieren, recht herzlich.\u201c<strong>\u00a0<\/strong><\/p><p><strong>Mit einer Baumpatenschaft oder einer Baumspende Verantwortung \u00fcbernehmen<\/strong><\/p><p>B\u00fcrgerinnen und B\u00fcrger von Dreieich k\u00f6nnen sich auch aktiv durch Patenschaften oder Baumspenden f\u00fcr das Wohl des Baumbestandes und der Gr\u00fcnanlagen engagieren. Baumpaten w\u00e4ssern die B\u00e4ume in Trockenzeiten, lockern das Erdreich an den Baumstandorten, s\u00e4ubern, j\u00e4ten Unkraut und bepflanzen die Baumscheibe. Mit diesen Ma\u00dfnahmen wird zus\u00e4tzlich das Stadt- und Stra\u00dfenbild gepflegt und verbessert.<\/p><p>Baumspenden sind f\u00fcr 500 Euro (f\u00fcr Baum plus Pflanzung) m\u00f6glich. Die Kosten der Anwuchspflege \u00fcbernimmt die DLB A\u00f6R. Baumpaten und Baumspender erhalten zum Dank eine Urkunde und eine pers\u00f6nliche Einladung zum \u201eTag der offenen T\u00fcr\u201c auf dem DLB-Gel\u00e4nde und einmalig ein dekoratives Pr\u00e4sent aus dem Gew\u00e4chshaus.<\/p><p>\u201eWir sind sicher, dass sich auch weiterhin viele B\u00fcrgerinnen und B\u00fcrger f\u00fcr ihre Stadt engagieren wollen und freuen uns auf hoffentlich rege Nachfrage f\u00fcr diese Form des b\u00fcrgerschaftlichen Engagements\u201c, so Klink abschlie\u00dfend.<\/p><p>Hier finden Sie weitere Infos zu <a href=\"https:\/\/dlb-aoer.de\/dreieich\/gruen-spiel-sport\/baeume\/baumpatenschaften\/\">Baumpatenschaften.<\/a><\/p>\t\t\t\t\t\t<\/div>\n\t\t\t\t<\/div>\n\t\t\t\t\t<\/div>\n\t\t<\/div>\n\t\t\t\t\t\t\t<\/div>\n\t\t<\/section>\n\t\t\t\t<section class=\"elementor-section elementor-top-section elementor-element elementor-element-4beb035 elementor-section-boxed elementor-section-height-default elementor-section-height-default\" data-id=\"4beb035\" data-element_type=\"section\">\n\t\t\t\t\t\t<div class=\"elementor-container elementor-column-gap-default\">\n\t\t\t\t\t<div class=\"elementor-column elementor-col-100 elementor-top-column elementor-element elementor-element-7ed476f\" data-id=\"7ed476f\" data-element_type=\"column\">\n\t\t\t<div class=\"elementor-widget-wrap elementor-element-populated\">\n\t\t\t\t\t\t\t\t<div class=\"elementor-element elementor-element-865951b elementor-widget elementor-widget-image\" data-id=\"865951b\" data-element_type=\"widget\" data-widget_type=\"image.default\">\n\t\t\t\t<div class=\"elementor-widget-container\">\n\t\t\t\t\t\t\t\t\t\t\t\t\t\t\t<img loading=\"lazy\" decoding=\"async\" width=\"1024\" height=\"763\" src=\"https:\/\/dlb-aoer.de\/dreieich\/wp-content\/uploads\/sites\/4\/2022\/07\/DR-Alte-Rheinstr-Linden-220705-1-1024x763.jpg\" class=\"attachment-large size-large wp-image-2753\" alt=\"zwei abgestorbene gro\u00dfe Linden in der alten Rheinstra\u00dfe\" srcset=\"https:\/\/dlb-aoer.de\/dreieich\/wp-content\/uploads\/sites\/4\/2022\/07\/DR-Alte-Rheinstr-Linden-220705-1-1024x763.jpg 1024w, https:\/\/dlb-aoer.de\/dreieich\/wp-content\/uploads\/sites\/4\/2022\/07\/DR-Alte-Rheinstr-Linden-220705-1-300x223.jpg 300w, https:\/\/dlb-aoer.de\/dreieich\/wp-content\/uploads\/sites\/4\/2022\/07\/DR-Alte-Rheinstr-Linden-220705-1-768x572.jpg 768w, https:\/\/dlb-aoer.de\/dreieich\/wp-content\/uploads\/sites\/4\/2022\/07\/DR-Alte-Rheinstr-Linden-220705-1-1536x1144.jpg 1536w, https:\/\/dlb-aoer.de\/dreieich\/wp-content\/uploads\/sites\/4\/2022\/07\/DR-Alte-Rheinstr-Linden-220705-1-2048x1525.jpg 2048w, https:\/\/dlb-aoer.de\/dreieich\/wp-content\/uploads\/sites\/4\/2022\/07\/DR-Alte-Rheinstr-Linden-220705-1-830x618.jpg 830w, https:\/\/dlb-aoer.de\/dreieich\/wp-content\/uploads\/sites\/4\/2022\/07\/DR-Alte-Rheinstr-Linden-220705-1-230x171.jpg 230w, https:\/\/dlb-aoer.de\/dreieich\/wp-content\/uploads\/sites\/4\/2022\/07\/DR-Alte-Rheinstr-Linden-220705-1-350x261.jpg 350w, https:\/\/dlb-aoer.de\/dreieich\/wp-content\/uploads\/sites\/4\/2022\/07\/DR-Alte-Rheinstr-Linden-220705-1-480x357.jpg 480w\" sizes=\"auto, (max-width: 1024px) 100vw, 1024px\" \/>\t\t\t\t\t\t\t\t\t\t\t\t\t\t\t<\/div>\n\t\t\t\t<\/div>\n\t\t\t\t\t<\/div>\n\t\t<\/div>\n\t\t\t\t\t\t\t<\/div>\n\t\t<\/section>\n\t\t\t\t\t\t\t<\/div>\n\t\t","protected":false},"excerpt":{"rendered":"<p>Hohe Temperaturen und kaum Regen &#8211; das trocken-hei\u00dfe Wetter wird uns laut Wetterprognosen auch die kommenden Wochen erhalten bleiben. Die DLB A\u00f6R [&hellip;]<\/p>\n","protected":false},"author":2,"featured_media":0,"comment_status":"closed","ping_status":"closed","sticky":false,"template":"","format":"standard","meta":{"inline_featured_image":false,"footnotes":"","_links_to":"","_links_to_target":""},"categories":[1],"tags":[],"class_list":["post-2741","post","type-post","status-publish","format-standard","hentry","category-allgemein"],"yoast_head":"<!-- This site is optimized with the Yoast SEO plugin v21.6 - https:\/\/yoast.com\/wordpress\/plugins\/seo\/ -->\n<title>Stra\u00dfenb\u00e4ume leiden unter Hitze und Trockenheit - DLB Dreieich<\/title>\n<meta name=\"robots\" content=\"noindex, follow\" \/>\n<meta property=\"og:locale\" content=\"de_DE\" \/>\n<meta property=\"og:type\" content=\"article\" \/>\n<meta property=\"og:title\" content=\"Stra\u00dfenb\u00e4ume leiden unter Hitze und Trockenheit - DLB Dreieich\" \/>\n<meta property=\"og:description\" content=\"Hohe Temperaturen und kaum Regen &#8211; das trocken-hei\u00dfe Wetter wird uns laut Wetterprognosen auch die kommenden Wochen erhalten bleiben. Die DLB A\u00f6R [&hellip;]\" \/>\n<meta property=\"og:url\" content=\"https:\/\/dlb-aoer.de\/dreieich\/strassenbaeume-leiden-unter-hitze-und-trockenheit\/\" \/>\n<meta property=\"og:site_name\" content=\"DLB Dreieich\" \/>\n<meta property=\"article:published_time\" content=\"2022-07-14T06:48:12+00:00\" \/>\n<meta property=\"article:modified_time\" content=\"2022-08-17T05:21:49+00:00\" \/>\n<meta property=\"og:image\" content=\"https:\/\/dlb-aoer.de\/dreieich\/wp-content\/uploads\/sites\/4\/2022\/07\/DR-Alte-Rheinstr-Linden-220705-1-1024x763.jpg\" \/>\n<meta name=\"author\" content=\"dlbcontent\" \/>\n<meta name=\"twitter:card\" content=\"summary_large_image\" \/>\n<meta name=\"twitter:label1\" content=\"Verfasst von\" \/>\n\t<meta name=\"twitter:data1\" content=\"dlbcontent\" \/>\n\t<meta name=\"twitter:label2\" content=\"Gesch\u00e4tzte Lesezeit\" \/>\n\t<meta name=\"twitter:data2\" content=\"4\u00a0Minuten\" \/>\n<script type=\"application\/ld+json\" class=\"yoast-schema-graph\">{\"@context\":\"https:\/\/schema.org\",\"@graph\":[{\"@type\":\"Article\",\"@id\":\"https:\/\/dlb-aoer.de\/dreieich\/strassenbaeume-leiden-unter-hitze-und-trockenheit\/#article\",\"isPartOf\":{\"@id\":\"https:\/\/dlb-aoer.de\/dreieich\/strassenbaeume-leiden-unter-hitze-und-trockenheit\/\"},\"author\":{\"name\":\"dlbcontent\",\"@id\":\"https:\/\/dlb-aoer.de\/dreieich\/#\/schema\/person\/ace12b78b8beb2c401214583e8abb0ea\"},\"headline\":\"Stra\u00dfenb\u00e4ume leiden unter Hitze und Trockenheit\",\"datePublished\":\"2022-07-14T06:48:12+00:00\",\"dateModified\":\"2022-08-17T05:21:49+00:00\",\"mainEntityOfPage\":{\"@id\":\"https:\/\/dlb-aoer.de\/dreieich\/strassenbaeume-leiden-unter-hitze-und-trockenheit\/\"},\"wordCount\":784,\"publisher\":{\"@id\":\"https:\/\/dlb-aoer.de\/dreieich\/#organization\"},\"inLanguage\":\"de\"},{\"@type\":\"WebPage\",\"@id\":\"https:\/\/dlb-aoer.de\/dreieich\/strassenbaeume-leiden-unter-hitze-und-trockenheit\/\",\"url\":\"https:\/\/dlb-aoer.de\/dreieich\/strassenbaeume-leiden-unter-hitze-und-trockenheit\/\",\"name\":\"Stra\u00dfenb\u00e4ume leiden unter Hitze und Trockenheit - DLB Dreieich\",\"isPartOf\":{\"@id\":\"https:\/\/dlb-aoer.de\/dreieich\/#website\"},\"datePublished\":\"2022-07-14T06:48:12+00:00\",\"dateModified\":\"2022-08-17T05:21:49+00:00\",\"breadcrumb\":{\"@id\":\"https:\/\/dlb-aoer.de\/dreieich\/strassenbaeume-leiden-unter-hitze-und-trockenheit\/#breadcrumb\"},\"inLanguage\":\"de\",\"potentialAction\":[{\"@type\":\"ReadAction\",\"target\":[\"https:\/\/dlb-aoer.de\/dreieich\/strassenbaeume-leiden-unter-hitze-und-trockenheit\/\"]}]},{\"@type\":\"BreadcrumbList\",\"@id\":\"https:\/\/dlb-aoer.de\/dreieich\/strassenbaeume-leiden-unter-hitze-und-trockenheit\/#breadcrumb\",\"itemListElement\":[{\"@type\":\"ListItem\",\"position\":1,\"name\":\"Startseite\",\"item\":\"https:\/\/dlb-aoer.de\/dreieich\/\"},{\"@type\":\"ListItem\",\"position\":2,\"name\":\"Stra\u00dfenb\u00e4ume leiden unter Hitze und Trockenheit\"}]},{\"@type\":\"WebSite\",\"@id\":\"https:\/\/dlb-aoer.de\/dreieich\/#website\",\"url\":\"https:\/\/dlb-aoer.de\/dreieich\/\",\"name\":\"DLB Dreieich\",\"description\":\"\",\"publisher\":{\"@id\":\"https:\/\/dlb-aoer.de\/dreieich\/#organization\"},\"potentialAction\":[{\"@type\":\"SearchAction\",\"target\":{\"@type\":\"EntryPoint\",\"urlTemplate\":\"https:\/\/dlb-aoer.de\/dreieich\/?s={search_term_string}\"},\"query-input\":\"required name=search_term_string\"}],\"inLanguage\":\"de\"},{\"@type\":\"Organization\",\"@id\":\"https:\/\/dlb-aoer.de\/dreieich\/#organization\",\"name\":\"Dienstleistungsbetrieb Dreieich und Neu-Isenburg A\u00f6R\",\"url\":\"https:\/\/dlb-aoer.de\/dreieich\/\",\"logo\":{\"@type\":\"ImageObject\",\"inLanguage\":\"de\",\"@id\":\"https:\/\/dlb-aoer.de\/dreieich\/#\/schema\/logo\/image\/\",\"url\":\"https:\/\/dlb-aoer.de\/dreieich\/wp-content\/uploads\/sites\/4\/2019\/10\/DLB_Logo_orange.svg\",\"contentUrl\":\"https:\/\/dlb-aoer.de\/dreieich\/wp-content\/uploads\/sites\/4\/2019\/10\/DLB_Logo_orange.svg\",\"width\":1,\"height\":1,\"caption\":\"Dienstleistungsbetrieb Dreieich und Neu-Isenburg A\u00f6R\"},\"image\":{\"@id\":\"https:\/\/dlb-aoer.de\/dreieich\/#\/schema\/logo\/image\/\"}},{\"@type\":\"Person\",\"@id\":\"https:\/\/dlb-aoer.de\/dreieich\/#\/schema\/person\/ace12b78b8beb2c401214583e8abb0ea\",\"name\":\"dlbcontent\",\"image\":{\"@type\":\"ImageObject\",\"inLanguage\":\"de\",\"@id\":\"https:\/\/dlb-aoer.de\/dreieich\/#\/schema\/person\/image\/\",\"url\":\"https:\/\/secure.gravatar.com\/avatar\/9b83944ad4bb586f5b061e177ec90421c57dc65897720d856030931fc4ed8394?s=96&d=mm&r=g\",\"contentUrl\":\"https:\/\/secure.gravatar.com\/avatar\/9b83944ad4bb586f5b061e177ec90421c57dc65897720d856030931fc4ed8394?s=96&d=mm&r=g\",\"caption\":\"dlbcontent\"}}]}<\/script>\n<!-- \/ Yoast SEO plugin. -->","yoast_head_json":{"title":"Stra\u00dfenb\u00e4ume leiden unter Hitze und Trockenheit - DLB Dreieich","robots":{"index":"noindex","follow":"follow"},"og_locale":"de_DE","og_type":"article","og_title":"Stra\u00dfenb\u00e4ume leiden unter Hitze und Trockenheit - DLB Dreieich","og_description":"Hohe Temperaturen und kaum Regen &#8211; das trocken-hei\u00dfe Wetter wird uns laut Wetterprognosen auch die kommenden Wochen erhalten bleiben. Die DLB A\u00f6R [&hellip;]","og_url":"https:\/\/dlb-aoer.de\/dreieich\/strassenbaeume-leiden-unter-hitze-und-trockenheit\/","og_site_name":"DLB Dreieich","article_published_time":"2022-07-14T06:48:12+00:00","article_modified_time":"2022-08-17T05:21:49+00:00","og_image":[{"url":"https:\/\/dlb-aoer.de\/dreieich\/wp-content\/uploads\/sites\/4\/2022\/07\/DR-Alte-Rheinstr-Linden-220705-1-1024x763.jpg"}],"author":"dlbcontent","twitter_card":"summary_large_image","twitter_misc":{"Verfasst von":"dlbcontent","Gesch\u00e4tzte Lesezeit":"4\u00a0Minuten"},"schema":{"@context":"https:\/\/schema.org","@graph":[{"@type":"Article","@id":"https:\/\/dlb-aoer.de\/dreieich\/strassenbaeume-leiden-unter-hitze-und-trockenheit\/#article","isPartOf":{"@id":"https:\/\/dlb-aoer.de\/dreieich\/strassenbaeume-leiden-unter-hitze-und-trockenheit\/"},"author":{"name":"dlbcontent","@id":"https:\/\/dlb-aoer.de\/dreieich\/#\/schema\/person\/ace12b78b8beb2c401214583e8abb0ea"},"headline":"Stra\u00dfenb\u00e4ume leiden unter Hitze und Trockenheit","datePublished":"2022-07-14T06:48:12+00:00","dateModified":"2022-08-17T05:21:49+00:00","mainEntityOfPage":{"@id":"https:\/\/dlb-aoer.de\/dreieich\/strassenbaeume-leiden-unter-hitze-und-trockenheit\/"},"wordCount":784,"publisher":{"@id":"https:\/\/dlb-aoer.de\/dreieich\/#organization"},"inLanguage":"de"},{"@type":"WebPage","@id":"https:\/\/dlb-aoer.de\/dreieich\/strassenbaeume-leiden-unter-hitze-und-trockenheit\/","url":"https:\/\/dlb-aoer.de\/dreieich\/strassenbaeume-leiden-unter-hitze-und-trockenheit\/","name":"Stra\u00dfenb\u00e4ume leiden unter Hitze und Trockenheit - DLB Dreieich","isPartOf":{"@id":"https:\/\/dlb-aoer.de\/dreieich\/#website"},"datePublished":"2022-07-14T06:48:12+00:00","dateModified":"2022-08-17T05:21:49+00:00","breadcrumb":{"@id":"https:\/\/dlb-aoer.de\/dreieich\/strassenbaeume-leiden-unter-hitze-und-trockenheit\/#breadcrumb"},"inLanguage":"de","potentialAction":[{"@type":"ReadAction","target":["https:\/\/dlb-aoer.de\/dreieich\/strassenbaeume-leiden-unter-hitze-und-trockenheit\/"]}]},{"@type":"BreadcrumbList","@id":"https:\/\/dlb-aoer.de\/dreieich\/strassenbaeume-leiden-unter-hitze-und-trockenheit\/#breadcrumb","itemListElement":[{"@type":"ListItem","position":1,"name":"Startseite","item":"https:\/\/dlb-aoer.de\/dreieich\/"},{"@type":"ListItem","position":2,"name":"Stra\u00dfenb\u00e4ume leiden unter Hitze und Trockenheit"}]},{"@type":"WebSite","@id":"https:\/\/dlb-aoer.de\/dreieich\/#website","url":"https:\/\/dlb-aoer.de\/dreieich\/","name":"DLB Dreieich","description":"","publisher":{"@id":"https:\/\/dlb-aoer.de\/dreieich\/#organization"},"potentialAction":[{"@type":"SearchAction","target":{"@type":"EntryPoint","urlTemplate":"https:\/\/dlb-aoer.de\/dreieich\/?s={search_term_string}"},"query-input":"required name=search_term_string"}],"inLanguage":"de"},{"@type":"Organization","@id":"https:\/\/dlb-aoer.de\/dreieich\/#organization","name":"Dienstleistungsbetrieb Dreieich und Neu-Isenburg A\u00f6R","url":"https:\/\/dlb-aoer.de\/dreieich\/","logo":{"@type":"ImageObject","inLanguage":"de","@id":"https:\/\/dlb-aoer.de\/dreieich\/#\/schema\/logo\/image\/","url":"https:\/\/dlb-aoer.de\/dreieich\/wp-content\/uploads\/sites\/4\/2019\/10\/DLB_Logo_orange.svg","contentUrl":"https:\/\/dlb-aoer.de\/dreieich\/wp-content\/uploads\/sites\/4\/2019\/10\/DLB_Logo_orange.svg","width":1,"height":1,"caption":"Dienstleistungsbetrieb Dreieich und Neu-Isenburg A\u00f6R"},"image":{"@id":"https:\/\/dlb-aoer.de\/dreieich\/#\/schema\/logo\/image\/"}},{"@type":"Person","@id":"https:\/\/dlb-aoer.de\/dreieich\/#\/schema\/person\/ace12b78b8beb2c401214583e8abb0ea","name":"dlbcontent","image":{"@type":"ImageObject","inLanguage":"de","@id":"https:\/\/dlb-aoer.de\/dreieich\/#\/schema\/person\/image\/","url":"https:\/\/secure.gravatar.com\/avatar\/9b83944ad4bb586f5b061e177ec90421c57dc65897720d856030931fc4ed8394?s=96&d=mm&r=g","contentUrl":"https:\/\/secure.gravatar.com\/avatar\/9b83944ad4bb586f5b061e177ec90421c57dc65897720d856030931fc4ed8394?s=96&d=mm&r=g","caption":"dlbcontent"}}]}},"_links":{"self":[{"href":"https:\/\/dlb-aoer.de\/dreieich\/wp-json\/wp\/v2\/posts\/2741","targetHints":{"allow":["GET"]}}],"collection":[{"href":"https:\/\/dlb-aoer.de\/dreieich\/wp-json\/wp\/v2\/posts"}],"about":[{"href":"https:\/\/dlb-aoer.de\/dreieich\/wp-json\/wp\/v2\/types\/post"}],"author":[{"embeddable":true,"href":"https:\/\/dlb-aoer.de\/dreieich\/wp-json\/wp\/v2\/users\/2"}],"replies":[{"embeddable":true,"href":"https:\/\/dlb-aoer.de\/dreieich\/wp-json\/wp\/v2\/comments?post=2741"}],"version-history":[{"count":6,"href":"https:\/\/dlb-aoer.de\/dreieich\/wp-json\/wp\/v2\/posts\/2741\/revisions"}],"predecessor-version":[{"id":3033,"href":"https:\/\/dlb-aoer.de\/dreieich\/wp-json\/wp\/v2\/posts\/2741\/revisions\/3033"}],"wp:attachment":[{"href":"https:\/\/dlb-aoer.de\/dreieich\/wp-json\/wp\/v2\/media?parent=2741"}],"wp:term":[{"taxonomy":"category","embeddable":true,"href":"https:\/\/dlb-aoer.de\/dreieich\/wp-json\/wp\/v2\/categories?post=2741"},{"taxonomy":"post_tag","embeddable":true,"href":"https:\/\/dlb-aoer.de\/dreieich\/wp-json\/wp\/v2\/tags?post=2741"}],"curies":[{"name":"wp","href":"https:\/\/api.w.org\/{rel}","templated":true}]}}