{"id":2613,"date":"2022-05-27T07:13:06","date_gmt":"2022-05-27T05:13:06","guid":{"rendered":"https:\/\/dlb-aoer.de\/dreieich\/?p=2613"},"modified":"2022-06-08T09:27:14","modified_gmt":"2022-06-08T07:27:14","slug":"weiher-an-der-winkelsmuehle-wieder-frei-zugaenglich","status":"publish","type":"post","link":"https:\/\/dlb-aoer.de\/dreieich\/weiher-an-der-winkelsmuehle-wieder-frei-zugaenglich\/","title":{"rendered":"Weiher an der Winkelsm\u00fchle"},"content":{"rendered":"\t\t<div data-elementor-type=\"wp-post\" data-elementor-id=\"2613\" class=\"elementor elementor-2613\">\n\t\t\t\t\t\t\t\t\t<section class=\"elementor-section elementor-top-section elementor-element elementor-element-aa76fbe elementor-section-boxed elementor-section-height-default elementor-section-height-default\" data-id=\"aa76fbe\" data-element_type=\"section\">\n\t\t\t\t\t\t<div class=\"elementor-container elementor-column-gap-default\">\n\t\t\t\t\t<div class=\"elementor-column elementor-col-100 elementor-top-column elementor-element elementor-element-c7c27f0\" data-id=\"c7c27f0\" data-element_type=\"column\">\n\t\t\t<div class=\"elementor-widget-wrap elementor-element-populated\">\n\t\t\t\t\t\t\t\t<div class=\"elementor-element elementor-element-17282e8 elementor-widget elementor-widget-text-editor\" data-id=\"17282e8\" data-element_type=\"widget\" data-widget_type=\"text-editor.default\">\n\t\t\t\t<div class=\"elementor-widget-container\">\n\t\t\t\t\t\t\t<p><strong>Weiher an der Winkelsm\u00fchle wieder frei zug\u00e4nglich<\/strong><\/p><p><em>Die Umgestaltung des Winkelsm\u00fchlenweihers als Vorzeigeprojekt f\u00fcr verkehrssichere Ufergestaltung<\/em><\/p><p>Dreieich. Das Ufer des Weihers an der Winkelsm\u00fchle hatte 2020 die Pr\u00fcfung der Verkehrssicherheit leider nicht bestanden. Die Wassertiefe hinter der Einfassung aus Holz-Palisaden lag \u00fcber 30 cm, sodass hier Kleinkinder bei einem ungewollten Sturz ins Wasser nicht aus eigener Kraft h\u00e4tten herausklettern k\u00f6nnen. Doch kurzfristig Abhilfe zu schaffen war leider nicht so schnell m\u00f6glich.<\/p><p>Der Weiher an der Winkelsm\u00fchle liegt in einem festgesetzten \u00dcberschwemmungsschutzgebiet, was die Ausgestaltung des Uferbereichs mit gewissen Auflagen verbindet. So wurde die Untere Wasser- sowie Naturschutzbeh\u00f6rde involviert, um ein stimmiges Konzept zu erarbeiten. Unter der Federf\u00fchrung des Gew\u00e4sser\u00f6kologen Gottfried Lehr wurde das Ufer in enger Abstimmung mit den Beh\u00f6rden sowie dem Angelsportverein Dreieichenhain als P\u00e4chter des Weihers umgestaltet.<\/p><p>Das Ergebnis ist ein abgeflachtes Ufer, welches mit einer Kiesberme aus rund 400 m\u00b3 Kies abgefangen wird. F\u00fcr Gew\u00e4sser\u00f6kologe Gottfried Lehr ist klar, dass viele Kommunen sich ein Beispiel an der Ma\u00dfnahme nehmen k\u00f6nnen. Anstelle eines Zauns konnte der Uferbereich auf diese optisch sehr ansprechende Weise entsch\u00e4rft werden. Auch die Fische freuen sich und haben die neu ausgestaltete Flachwasserzone bereits besucht.<\/p><p>Das Ufer wurde stellenweise noch mit Wasserpflanzen bepflanzt, sodass die Uferzone in den kommenden Jahren auch etwas gr\u00fcner wird. Der Rasenstreifen zwischen Weiher und Weg wurde mit einem Kr\u00e4uterrasen einges\u00e4t, sodass hier k\u00fcnftig ein paar Kr\u00e4uter und Blumen wachsen.<\/p><p>Im Nachgang wurde der Weg, der direkt am Weiher entlang l\u00e4uft, grundhaft saniert. Die gesamte Anlage konnte somit nicht nur verkehrssicher gemacht, sondern auch optisch aufgewertet werden.<\/p>\t\t\t\t\t\t<\/div>\n\t\t\t\t<\/div>\n\t\t\t\t\t<\/div>\n\t\t<\/div>\n\t\t\t\t\t\t\t<\/div>\n\t\t<\/section>\n\t\t\t\t<section class=\"elementor-section elementor-top-section elementor-element elementor-element-a5db0b4 elementor-section-boxed elementor-section-height-default elementor-section-height-default\" data-id=\"a5db0b4\" data-element_type=\"section\">\n\t\t\t\t\t\t<div class=\"elementor-container elementor-column-gap-default\">\n\t\t\t\t\t<div class=\"elementor-column elementor-col-100 elementor-top-column elementor-element elementor-element-5331f76\" data-id=\"5331f76\" data-element_type=\"column\">\n\t\t\t<div class=\"elementor-widget-wrap elementor-element-populated\">\n\t\t\t\t\t\t\t\t<div class=\"elementor-element elementor-element-51afd32 elementor-widget elementor-widget-image\" data-id=\"51afd32\" data-element_type=\"widget\" data-widget_type=\"image.default\">\n\t\t\t\t<div class=\"elementor-widget-container\">\n\t\t\t\t\t\t\t\t\t\t\t\t\t\t\t<img loading=\"lazy\" decoding=\"async\" width=\"1024\" height=\"576\" src=\"https:\/\/dlb-aoer.de\/dreieich\/wp-content\/uploads\/sites\/4\/2022\/05\/DLB_Winkelsmuehlenweiher-1024x576.jpg\" class=\"attachment-large size-large wp-image-2615\" alt=\"Uferb\u00f6schung des Winkelsm\u00fchlweiher. Zu Absicherung wurde die B\u00f6schung am Wasserrand mit Kies aufgef\u00fcllt.\" srcset=\"https:\/\/dlb-aoer.de\/dreieich\/wp-content\/uploads\/sites\/4\/2022\/05\/DLB_Winkelsmuehlenweiher-1024x576.jpg 1024w, https:\/\/dlb-aoer.de\/dreieich\/wp-content\/uploads\/sites\/4\/2022\/05\/DLB_Winkelsmuehlenweiher-300x169.jpg 300w, https:\/\/dlb-aoer.de\/dreieich\/wp-content\/uploads\/sites\/4\/2022\/05\/DLB_Winkelsmuehlenweiher-768x432.jpg 768w, https:\/\/dlb-aoer.de\/dreieich\/wp-content\/uploads\/sites\/4\/2022\/05\/DLB_Winkelsmuehlenweiher-1536x864.jpg 1536w, https:\/\/dlb-aoer.de\/dreieich\/wp-content\/uploads\/sites\/4\/2022\/05\/DLB_Winkelsmuehlenweiher-830x467.jpg 830w, https:\/\/dlb-aoer.de\/dreieich\/wp-content\/uploads\/sites\/4\/2022\/05\/DLB_Winkelsmuehlenweiher-230x129.jpg 230w, https:\/\/dlb-aoer.de\/dreieich\/wp-content\/uploads\/sites\/4\/2022\/05\/DLB_Winkelsmuehlenweiher-350x197.jpg 350w, https:\/\/dlb-aoer.de\/dreieich\/wp-content\/uploads\/sites\/4\/2022\/05\/DLB_Winkelsmuehlenweiher-480x270.jpg 480w, https:\/\/dlb-aoer.de\/dreieich\/wp-content\/uploads\/sites\/4\/2022\/05\/DLB_Winkelsmuehlenweiher.jpg 1920w\" sizes=\"auto, (max-width: 1024px) 100vw, 1024px\" \/>\t\t\t\t\t\t\t\t\t\t\t\t\t\t\t<\/div>\n\t\t\t\t<\/div>\n\t\t\t\t\t<\/div>\n\t\t<\/div>\n\t\t\t\t\t\t\t<\/div>\n\t\t<\/section>\n\t\t\t\t\t\t\t<\/div>\n\t\t","protected":false},"excerpt":{"rendered":"<p>Weiher an der Winkelsm\u00fchle wieder frei zug\u00e4nglich Die Umgestaltung des Winkelsm\u00fchlenweihers als Vorzeigeprojekt f\u00fcr verkehrssichere Ufergestaltung Dreieich. Das Ufer des Weihers an [&hellip;]<\/p>\n","protected":false},"author":2,"featured_media":0,"comment_status":"closed","ping_status":"closed","sticky":false,"template":"","format":"standard","meta":{"inline_featured_image":false,"footnotes":"","_links_to":"","_links_to_target":""},"categories":[1],"tags":[],"class_list":["post-2613","post","type-post","status-publish","format-standard","hentry","category-allgemein"],"yoast_head":"<!-- This site is optimized with the Yoast SEO plugin v21.6 - https:\/\/yoast.com\/wordpress\/plugins\/seo\/ -->\n<title>Weiher an der Winkelsm\u00fchle - DLB Dreieich<\/title>\n<meta name=\"robots\" content=\"noindex, follow\" \/>\n<meta property=\"og:locale\" content=\"de_DE\" \/>\n<meta property=\"og:type\" content=\"article\" \/>\n<meta property=\"og:title\" content=\"Weiher an der Winkelsm\u00fchle - DLB Dreieich\" \/>\n<meta property=\"og:description\" content=\"Weiher an der Winkelsm\u00fchle wieder frei zug\u00e4nglich Die Umgestaltung des Winkelsm\u00fchlenweihers als Vorzeigeprojekt f\u00fcr verkehrssichere Ufergestaltung Dreieich. Das Ufer des Weihers an [&hellip;]\" \/>\n<meta property=\"og:url\" content=\"https:\/\/dlb-aoer.de\/dreieich\/weiher-an-der-winkelsmuehle-wieder-frei-zugaenglich\/\" \/>\n<meta property=\"og:site_name\" content=\"DLB Dreieich\" \/>\n<meta property=\"article:published_time\" content=\"2022-05-27T05:13:06+00:00\" \/>\n<meta property=\"article:modified_time\" content=\"2022-06-08T07:27:14+00:00\" \/>\n<meta property=\"og:image\" content=\"https:\/\/dlb-aoer.de\/dreieich\/wp-content\/uploads\/sites\/4\/2022\/05\/DLB_Winkelsmuehlenweiher-1024x576.jpg\" \/>\n<meta name=\"author\" content=\"dlbcontent\" \/>\n<meta name=\"twitter:card\" content=\"summary_large_image\" \/>\n<meta name=\"twitter:label1\" content=\"Verfasst von\" \/>\n\t<meta name=\"twitter:data1\" content=\"dlbcontent\" \/>\n\t<meta name=\"twitter:label2\" content=\"Gesch\u00e4tzte Lesezeit\" \/>\n\t<meta name=\"twitter:data2\" content=\"1\u00a0Minute\" \/>\n<script type=\"application\/ld+json\" class=\"yoast-schema-graph\">{\"@context\":\"https:\/\/schema.org\",\"@graph\":[{\"@type\":\"Article\",\"@id\":\"https:\/\/dlb-aoer.de\/dreieich\/weiher-an-der-winkelsmuehle-wieder-frei-zugaenglich\/#article\",\"isPartOf\":{\"@id\":\"https:\/\/dlb-aoer.de\/dreieich\/weiher-an-der-winkelsmuehle-wieder-frei-zugaenglich\/\"},\"author\":{\"name\":\"dlbcontent\",\"@id\":\"https:\/\/dlb-aoer.de\/dreieich\/#\/schema\/person\/ace12b78b8beb2c401214583e8abb0ea\"},\"headline\":\"Weiher an der Winkelsm\u00fchle\",\"datePublished\":\"2022-05-27T05:13:06+00:00\",\"dateModified\":\"2022-06-08T07:27:14+00:00\",\"mainEntityOfPage\":{\"@id\":\"https:\/\/dlb-aoer.de\/dreieich\/weiher-an-der-winkelsmuehle-wieder-frei-zugaenglich\/\"},\"wordCount\":286,\"publisher\":{\"@id\":\"https:\/\/dlb-aoer.de\/dreieich\/#organization\"},\"inLanguage\":\"de\"},{\"@type\":\"WebPage\",\"@id\":\"https:\/\/dlb-aoer.de\/dreieich\/weiher-an-der-winkelsmuehle-wieder-frei-zugaenglich\/\",\"url\":\"https:\/\/dlb-aoer.de\/dreieich\/weiher-an-der-winkelsmuehle-wieder-frei-zugaenglich\/\",\"name\":\"Weiher an der Winkelsm\u00fchle - DLB Dreieich\",\"isPartOf\":{\"@id\":\"https:\/\/dlb-aoer.de\/dreieich\/#website\"},\"datePublished\":\"2022-05-27T05:13:06+00:00\",\"dateModified\":\"2022-06-08T07:27:14+00:00\",\"breadcrumb\":{\"@id\":\"https:\/\/dlb-aoer.de\/dreieich\/weiher-an-der-winkelsmuehle-wieder-frei-zugaenglich\/#breadcrumb\"},\"inLanguage\":\"de\",\"potentialAction\":[{\"@type\":\"ReadAction\",\"target\":[\"https:\/\/dlb-aoer.de\/dreieich\/weiher-an-der-winkelsmuehle-wieder-frei-zugaenglich\/\"]}]},{\"@type\":\"BreadcrumbList\",\"@id\":\"https:\/\/dlb-aoer.de\/dreieich\/weiher-an-der-winkelsmuehle-wieder-frei-zugaenglich\/#breadcrumb\",\"itemListElement\":[{\"@type\":\"ListItem\",\"position\":1,\"name\":\"Startseite\",\"item\":\"https:\/\/dlb-aoer.de\/dreieich\/\"},{\"@type\":\"ListItem\",\"position\":2,\"name\":\"Weiher an der Winkelsm\u00fchle\"}]},{\"@type\":\"WebSite\",\"@id\":\"https:\/\/dlb-aoer.de\/dreieich\/#website\",\"url\":\"https:\/\/dlb-aoer.de\/dreieich\/\",\"name\":\"DLB Dreieich\",\"description\":\"\",\"publisher\":{\"@id\":\"https:\/\/dlb-aoer.de\/dreieich\/#organization\"},\"potentialAction\":[{\"@type\":\"SearchAction\",\"target\":{\"@type\":\"EntryPoint\",\"urlTemplate\":\"https:\/\/dlb-aoer.de\/dreieich\/?s={search_term_string}\"},\"query-input\":\"required name=search_term_string\"}],\"inLanguage\":\"de\"},{\"@type\":\"Organization\",\"@id\":\"https:\/\/dlb-aoer.de\/dreieich\/#organization\",\"name\":\"Dienstleistungsbetrieb Dreieich und Neu-Isenburg A\u00f6R\",\"url\":\"https:\/\/dlb-aoer.de\/dreieich\/\",\"logo\":{\"@type\":\"ImageObject\",\"inLanguage\":\"de\",\"@id\":\"https:\/\/dlb-aoer.de\/dreieich\/#\/schema\/logo\/image\/\",\"url\":\"https:\/\/dlb-aoer.de\/dreieich\/wp-content\/uploads\/sites\/4\/2019\/10\/DLB_Logo_orange.svg\",\"contentUrl\":\"https:\/\/dlb-aoer.de\/dreieich\/wp-content\/uploads\/sites\/4\/2019\/10\/DLB_Logo_orange.svg\",\"width\":1,\"height\":1,\"caption\":\"Dienstleistungsbetrieb Dreieich und Neu-Isenburg A\u00f6R\"},\"image\":{\"@id\":\"https:\/\/dlb-aoer.de\/dreieich\/#\/schema\/logo\/image\/\"}},{\"@type\":\"Person\",\"@id\":\"https:\/\/dlb-aoer.de\/dreieich\/#\/schema\/person\/ace12b78b8beb2c401214583e8abb0ea\",\"name\":\"dlbcontent\",\"image\":{\"@type\":\"ImageObject\",\"inLanguage\":\"de\",\"@id\":\"https:\/\/dlb-aoer.de\/dreieich\/#\/schema\/person\/image\/\",\"url\":\"https:\/\/secure.gravatar.com\/avatar\/9b83944ad4bb586f5b061e177ec90421c57dc65897720d856030931fc4ed8394?s=96&d=mm&r=g\",\"contentUrl\":\"https:\/\/secure.gravatar.com\/avatar\/9b83944ad4bb586f5b061e177ec90421c57dc65897720d856030931fc4ed8394?s=96&d=mm&r=g\",\"caption\":\"dlbcontent\"}}]}<\/script>\n<!-- \/ Yoast SEO plugin. -->","yoast_head_json":{"title":"Weiher an der Winkelsm\u00fchle - DLB Dreieich","robots":{"index":"noindex","follow":"follow"},"og_locale":"de_DE","og_type":"article","og_title":"Weiher an der Winkelsm\u00fchle - DLB Dreieich","og_description":"Weiher an der Winkelsm\u00fchle wieder frei zug\u00e4nglich Die Umgestaltung des Winkelsm\u00fchlenweihers als Vorzeigeprojekt f\u00fcr verkehrssichere Ufergestaltung Dreieich. Das Ufer des Weihers an [&hellip;]","og_url":"https:\/\/dlb-aoer.de\/dreieich\/weiher-an-der-winkelsmuehle-wieder-frei-zugaenglich\/","og_site_name":"DLB Dreieich","article_published_time":"2022-05-27T05:13:06+00:00","article_modified_time":"2022-06-08T07:27:14+00:00","og_image":[{"url":"https:\/\/dlb-aoer.de\/dreieich\/wp-content\/uploads\/sites\/4\/2022\/05\/DLB_Winkelsmuehlenweiher-1024x576.jpg"}],"author":"dlbcontent","twitter_card":"summary_large_image","twitter_misc":{"Verfasst von":"dlbcontent","Gesch\u00e4tzte Lesezeit":"1\u00a0Minute"},"schema":{"@context":"https:\/\/schema.org","@graph":[{"@type":"Article","@id":"https:\/\/dlb-aoer.de\/dreieich\/weiher-an-der-winkelsmuehle-wieder-frei-zugaenglich\/#article","isPartOf":{"@id":"https:\/\/dlb-aoer.de\/dreieich\/weiher-an-der-winkelsmuehle-wieder-frei-zugaenglich\/"},"author":{"name":"dlbcontent","@id":"https:\/\/dlb-aoer.de\/dreieich\/#\/schema\/person\/ace12b78b8beb2c401214583e8abb0ea"},"headline":"Weiher an der Winkelsm\u00fchle","datePublished":"2022-05-27T05:13:06+00:00","dateModified":"2022-06-08T07:27:14+00:00","mainEntityOfPage":{"@id":"https:\/\/dlb-aoer.de\/dreieich\/weiher-an-der-winkelsmuehle-wieder-frei-zugaenglich\/"},"wordCount":286,"publisher":{"@id":"https:\/\/dlb-aoer.de\/dreieich\/#organization"},"inLanguage":"de"},{"@type":"WebPage","@id":"https:\/\/dlb-aoer.de\/dreieich\/weiher-an-der-winkelsmuehle-wieder-frei-zugaenglich\/","url":"https:\/\/dlb-aoer.de\/dreieich\/weiher-an-der-winkelsmuehle-wieder-frei-zugaenglich\/","name":"Weiher an der Winkelsm\u00fchle - DLB Dreieich","isPartOf":{"@id":"https:\/\/dlb-aoer.de\/dreieich\/#website"},"datePublished":"2022-05-27T05:13:06+00:00","dateModified":"2022-06-08T07:27:14+00:00","breadcrumb":{"@id":"https:\/\/dlb-aoer.de\/dreieich\/weiher-an-der-winkelsmuehle-wieder-frei-zugaenglich\/#breadcrumb"},"inLanguage":"de","potentialAction":[{"@type":"ReadAction","target":["https:\/\/dlb-aoer.de\/dreieich\/weiher-an-der-winkelsmuehle-wieder-frei-zugaenglich\/"]}]},{"@type":"BreadcrumbList","@id":"https:\/\/dlb-aoer.de\/dreieich\/weiher-an-der-winkelsmuehle-wieder-frei-zugaenglich\/#breadcrumb","itemListElement":[{"@type":"ListItem","position":1,"name":"Startseite","item":"https:\/\/dlb-aoer.de\/dreieich\/"},{"@type":"ListItem","position":2,"name":"Weiher an der Winkelsm\u00fchle"}]},{"@type":"WebSite","@id":"https:\/\/dlb-aoer.de\/dreieich\/#website","url":"https:\/\/dlb-aoer.de\/dreieich\/","name":"DLB Dreieich","description":"","publisher":{"@id":"https:\/\/dlb-aoer.de\/dreieich\/#organization"},"potentialAction":[{"@type":"SearchAction","target":{"@type":"EntryPoint","urlTemplate":"https:\/\/dlb-aoer.de\/dreieich\/?s={search_term_string}"},"query-input":"required name=search_term_string"}],"inLanguage":"de"},{"@type":"Organization","@id":"https:\/\/dlb-aoer.de\/dreieich\/#organization","name":"Dienstleistungsbetrieb Dreieich und Neu-Isenburg A\u00f6R","url":"https:\/\/dlb-aoer.de\/dreieich\/","logo":{"@type":"ImageObject","inLanguage":"de","@id":"https:\/\/dlb-aoer.de\/dreieich\/#\/schema\/logo\/image\/","url":"https:\/\/dlb-aoer.de\/dreieich\/wp-content\/uploads\/sites\/4\/2019\/10\/DLB_Logo_orange.svg","contentUrl":"https:\/\/dlb-aoer.de\/dreieich\/wp-content\/uploads\/sites\/4\/2019\/10\/DLB_Logo_orange.svg","width":1,"height":1,"caption":"Dienstleistungsbetrieb Dreieich und Neu-Isenburg A\u00f6R"},"image":{"@id":"https:\/\/dlb-aoer.de\/dreieich\/#\/schema\/logo\/image\/"}},{"@type":"Person","@id":"https:\/\/dlb-aoer.de\/dreieich\/#\/schema\/person\/ace12b78b8beb2c401214583e8abb0ea","name":"dlbcontent","image":{"@type":"ImageObject","inLanguage":"de","@id":"https:\/\/dlb-aoer.de\/dreieich\/#\/schema\/person\/image\/","url":"https:\/\/secure.gravatar.com\/avatar\/9b83944ad4bb586f5b061e177ec90421c57dc65897720d856030931fc4ed8394?s=96&d=mm&r=g","contentUrl":"https:\/\/secure.gravatar.com\/avatar\/9b83944ad4bb586f5b061e177ec90421c57dc65897720d856030931fc4ed8394?s=96&d=mm&r=g","caption":"dlbcontent"}}]}},"_links":{"self":[{"href":"https:\/\/dlb-aoer.de\/dreieich\/wp-json\/wp\/v2\/posts\/2613","targetHints":{"allow":["GET"]}}],"collection":[{"href":"https:\/\/dlb-aoer.de\/dreieich\/wp-json\/wp\/v2\/posts"}],"about":[{"href":"https:\/\/dlb-aoer.de\/dreieich\/wp-json\/wp\/v2\/types\/post"}],"author":[{"embeddable":true,"href":"https:\/\/dlb-aoer.de\/dreieich\/wp-json\/wp\/v2\/users\/2"}],"replies":[{"embeddable":true,"href":"https:\/\/dlb-aoer.de\/dreieich\/wp-json\/wp\/v2\/comments?post=2613"}],"version-history":[{"count":4,"href":"https:\/\/dlb-aoer.de\/dreieich\/wp-json\/wp\/v2\/posts\/2613\/revisions"}],"predecessor-version":[{"id":2625,"href":"https:\/\/dlb-aoer.de\/dreieich\/wp-json\/wp\/v2\/posts\/2613\/revisions\/2625"}],"wp:attachment":[{"href":"https:\/\/dlb-aoer.de\/dreieich\/wp-json\/wp\/v2\/media?parent=2613"}],"wp:term":[{"taxonomy":"category","embeddable":true,"href":"https:\/\/dlb-aoer.de\/dreieich\/wp-json\/wp\/v2\/categories?post=2613"},{"taxonomy":"post_tag","embeddable":true,"href":"https:\/\/dlb-aoer.de\/dreieich\/wp-json\/wp\/v2\/tags?post=2613"}],"curies":[{"name":"wp","href":"https:\/\/api.w.org\/{rel}","templated":true}]}}