{"id":2602,"date":"2022-05-25T08:22:07","date_gmt":"2022-05-25T06:22:07","guid":{"rendered":"https:\/\/dlb-aoer.de\/dreieich\/?p=2602"},"modified":"2022-06-08T09:28:15","modified_gmt":"2022-06-08T07:28:15","slug":"geaenderte-termine-der-abfallsammlung-wegen-pfingstmontag","status":"publish","type":"post","link":"https:\/\/dlb-aoer.de\/dreieich\/geaenderte-termine-der-abfallsammlung-wegen-pfingstmontag\/","title":{"rendered":"Verschiebung M\u00fcllabfuhr Pfingsten"},"content":{"rendered":"\t\t<div data-elementor-type=\"wp-post\" data-elementor-id=\"2602\" class=\"elementor elementor-2602\">\n\t\t\t\t\t\t\t\t\t<section class=\"elementor-section elementor-top-section elementor-element elementor-element-4042829 elementor-section-boxed elementor-section-height-default elementor-section-height-default\" data-id=\"4042829\" data-element_type=\"section\">\n\t\t\t\t\t\t<div class=\"elementor-container elementor-column-gap-default\">\n\t\t\t\t\t<div class=\"elementor-column elementor-col-100 elementor-top-column elementor-element elementor-element-3179fb0\" data-id=\"3179fb0\" data-element_type=\"column\">\n\t\t\t<div class=\"elementor-widget-wrap elementor-element-populated\">\n\t\t\t\t\t\t\t\t<div class=\"elementor-element elementor-element-4619850 elementor-widget elementor-widget-text-editor\" data-id=\"4619850\" data-element_type=\"widget\" data-widget_type=\"text-editor.default\">\n\t\t\t\t<div class=\"elementor-widget-container\">\n\t\t\t\t\t\t\t<p><em>Ge\u00e4nderte Termine der Abfallsammlung wegen Pfingstmontag<\/em><\/p><p>Wegen des Feiertages am 06. Juni 2022 verschieben sich in der Woche vom 06. Juni bis zum 10. Juni die Termine f\u00fcr die Sammlung von Hausm\u00fcll, Papier, Biom\u00fcll und Gelber Sack um einen Tag nach hinten.<\/p><p>Alle \u00c4nderungen k\u00f6nnen Sie auch dem aktuellen Abfallkalender entnehmen.<\/p>\t\t\t\t\t\t<\/div>\n\t\t\t\t<\/div>\n\t\t\t\t\t<\/div>\n\t\t<\/div>\n\t\t\t\t\t\t\t<\/div>\n\t\t<\/section>\n\t\t\t\t\t\t\t<\/div>\n\t\t","protected":false},"excerpt":{"rendered":"<p>Ge\u00e4nderte Termine der Abfallsammlung wegen Pfingstmontag Wegen des Feiertages am 06. Juni 2022 verschieben sich in der Woche vom 06. Juni bis [&hellip;]<\/p>\n","protected":false},"author":2,"featured_media":0,"comment_status":"closed","ping_status":"closed","sticky":false,"template":"","format":"standard","meta":{"inline_featured_image":false,"footnotes":"","_links_to":"","_links_to_target":""},"categories":[1],"tags":[],"class_list":["post-2602","post","type-post","status-publish","format-standard","hentry","category-allgemein"],"yoast_head":"<!-- This site is optimized with the Yoast SEO plugin v21.6 - https:\/\/yoast.com\/wordpress\/plugins\/seo\/ -->\n<title>Verschiebung M\u00fcllabfuhr Pfingsten - DLB Dreieich<\/title>\n<meta name=\"robots\" content=\"noindex, follow\" \/>\n<meta property=\"og:locale\" content=\"de_DE\" \/>\n<meta property=\"og:type\" content=\"article\" \/>\n<meta property=\"og:title\" content=\"Verschiebung M\u00fcllabfuhr Pfingsten - DLB Dreieich\" \/>\n<meta property=\"og:description\" content=\"Ge\u00e4nderte Termine der Abfallsammlung wegen Pfingstmontag Wegen des Feiertages am 06. Juni 2022 verschieben sich in der Woche vom 06. Juni bis [&hellip;]\" \/>\n<meta property=\"og:url\" content=\"https:\/\/dlb-aoer.de\/dreieich\/geaenderte-termine-der-abfallsammlung-wegen-pfingstmontag\/\" \/>\n<meta property=\"og:site_name\" content=\"DLB Dreieich\" \/>\n<meta property=\"article:published_time\" content=\"2022-05-25T06:22:07+00:00\" \/>\n<meta property=\"article:modified_time\" content=\"2022-06-08T07:28:15+00:00\" \/>\n<meta name=\"author\" content=\"dlbcontent\" \/>\n<meta name=\"twitter:card\" content=\"summary_large_image\" \/>\n<meta name=\"twitter:label1\" content=\"Verfasst von\" \/>\n\t<meta name=\"twitter:data1\" content=\"dlbcontent\" \/>\n<script type=\"application\/ld+json\" class=\"yoast-schema-graph\">{\"@context\":\"https:\/\/schema.org\",\"@graph\":[{\"@type\":\"Article\",\"@id\":\"https:\/\/dlb-aoer.de\/dreieich\/geaenderte-termine-der-abfallsammlung-wegen-pfingstmontag\/#article\",\"isPartOf\":{\"@id\":\"https:\/\/dlb-aoer.de\/dreieich\/geaenderte-termine-der-abfallsammlung-wegen-pfingstmontag\/\"},\"author\":{\"name\":\"dlbcontent\",\"@id\":\"https:\/\/dlb-aoer.de\/dreieich\/#\/schema\/person\/ace12b78b8beb2c401214583e8abb0ea\"},\"headline\":\"Verschiebung M\u00fcllabfuhr Pfingsten\",\"datePublished\":\"2022-05-25T06:22:07+00:00\",\"dateModified\":\"2022-06-08T07:28:15+00:00\",\"mainEntityOfPage\":{\"@id\":\"https:\/\/dlb-aoer.de\/dreieich\/geaenderte-termine-der-abfallsammlung-wegen-pfingstmontag\/\"},\"wordCount\":56,\"publisher\":{\"@id\":\"https:\/\/dlb-aoer.de\/dreieich\/#organization\"},\"inLanguage\":\"de\"},{\"@type\":\"WebPage\",\"@id\":\"https:\/\/dlb-aoer.de\/dreieich\/geaenderte-termine-der-abfallsammlung-wegen-pfingstmontag\/\",\"url\":\"https:\/\/dlb-aoer.de\/dreieich\/geaenderte-termine-der-abfallsammlung-wegen-pfingstmontag\/\",\"name\":\"Verschiebung M\u00fcllabfuhr Pfingsten - DLB Dreieich\",\"isPartOf\":{\"@id\":\"https:\/\/dlb-aoer.de\/dreieich\/#website\"},\"datePublished\":\"2022-05-25T06:22:07+00:00\",\"dateModified\":\"2022-06-08T07:28:15+00:00\",\"breadcrumb\":{\"@id\":\"https:\/\/dlb-aoer.de\/dreieich\/geaenderte-termine-der-abfallsammlung-wegen-pfingstmontag\/#breadcrumb\"},\"inLanguage\":\"de\",\"potentialAction\":[{\"@type\":\"ReadAction\",\"target\":[\"https:\/\/dlb-aoer.de\/dreieich\/geaenderte-termine-der-abfallsammlung-wegen-pfingstmontag\/\"]}]},{\"@type\":\"BreadcrumbList\",\"@id\":\"https:\/\/dlb-aoer.de\/dreieich\/geaenderte-termine-der-abfallsammlung-wegen-pfingstmontag\/#breadcrumb\",\"itemListElement\":[{\"@type\":\"ListItem\",\"position\":1,\"name\":\"Startseite\",\"item\":\"https:\/\/dlb-aoer.de\/dreieich\/\"},{\"@type\":\"ListItem\",\"position\":2,\"name\":\"Verschiebung M\u00fcllabfuhr Pfingsten\"}]},{\"@type\":\"WebSite\",\"@id\":\"https:\/\/dlb-aoer.de\/dreieich\/#website\",\"url\":\"https:\/\/dlb-aoer.de\/dreieich\/\",\"name\":\"DLB Dreieich\",\"description\":\"\",\"publisher\":{\"@id\":\"https:\/\/dlb-aoer.de\/dreieich\/#organization\"},\"potentialAction\":[{\"@type\":\"SearchAction\",\"target\":{\"@type\":\"EntryPoint\",\"urlTemplate\":\"https:\/\/dlb-aoer.de\/dreieich\/?s={search_term_string}\"},\"query-input\":\"required name=search_term_string\"}],\"inLanguage\":\"de\"},{\"@type\":\"Organization\",\"@id\":\"https:\/\/dlb-aoer.de\/dreieich\/#organization\",\"name\":\"Dienstleistungsbetrieb Dreieich und Neu-Isenburg A\u00f6R\",\"url\":\"https:\/\/dlb-aoer.de\/dreieich\/\",\"logo\":{\"@type\":\"ImageObject\",\"inLanguage\":\"de\",\"@id\":\"https:\/\/dlb-aoer.de\/dreieich\/#\/schema\/logo\/image\/\",\"url\":\"https:\/\/dlb-aoer.de\/dreieich\/wp-content\/uploads\/sites\/4\/2019\/10\/DLB_Logo_orange.svg\",\"contentUrl\":\"https:\/\/dlb-aoer.de\/dreieich\/wp-content\/uploads\/sites\/4\/2019\/10\/DLB_Logo_orange.svg\",\"width\":1,\"height\":1,\"caption\":\"Dienstleistungsbetrieb Dreieich und Neu-Isenburg A\u00f6R\"},\"image\":{\"@id\":\"https:\/\/dlb-aoer.de\/dreieich\/#\/schema\/logo\/image\/\"}},{\"@type\":\"Person\",\"@id\":\"https:\/\/dlb-aoer.de\/dreieich\/#\/schema\/person\/ace12b78b8beb2c401214583e8abb0ea\",\"name\":\"dlbcontent\",\"image\":{\"@type\":\"ImageObject\",\"inLanguage\":\"de\",\"@id\":\"https:\/\/dlb-aoer.de\/dreieich\/#\/schema\/person\/image\/\",\"url\":\"https:\/\/secure.gravatar.com\/avatar\/9b83944ad4bb586f5b061e177ec90421c57dc65897720d856030931fc4ed8394?s=96&d=mm&r=g\",\"contentUrl\":\"https:\/\/secure.gravatar.com\/avatar\/9b83944ad4bb586f5b061e177ec90421c57dc65897720d856030931fc4ed8394?s=96&d=mm&r=g\",\"caption\":\"dlbcontent\"}}]}<\/script>\n<!-- \/ Yoast SEO plugin. -->","yoast_head_json":{"title":"Verschiebung M\u00fcllabfuhr Pfingsten - DLB Dreieich","robots":{"index":"noindex","follow":"follow"},"og_locale":"de_DE","og_type":"article","og_title":"Verschiebung M\u00fcllabfuhr Pfingsten - DLB Dreieich","og_description":"Ge\u00e4nderte Termine der Abfallsammlung wegen Pfingstmontag Wegen des Feiertages am 06. Juni 2022 verschieben sich in der Woche vom 06. Juni bis [&hellip;]","og_url":"https:\/\/dlb-aoer.de\/dreieich\/geaenderte-termine-der-abfallsammlung-wegen-pfingstmontag\/","og_site_name":"DLB Dreieich","article_published_time":"2022-05-25T06:22:07+00:00","article_modified_time":"2022-06-08T07:28:15+00:00","author":"dlbcontent","twitter_card":"summary_large_image","twitter_misc":{"Verfasst von":"dlbcontent"},"schema":{"@context":"https:\/\/schema.org","@graph":[{"@type":"Article","@id":"https:\/\/dlb-aoer.de\/dreieich\/geaenderte-termine-der-abfallsammlung-wegen-pfingstmontag\/#article","isPartOf":{"@id":"https:\/\/dlb-aoer.de\/dreieich\/geaenderte-termine-der-abfallsammlung-wegen-pfingstmontag\/"},"author":{"name":"dlbcontent","@id":"https:\/\/dlb-aoer.de\/dreieich\/#\/schema\/person\/ace12b78b8beb2c401214583e8abb0ea"},"headline":"Verschiebung M\u00fcllabfuhr Pfingsten","datePublished":"2022-05-25T06:22:07+00:00","dateModified":"2022-06-08T07:28:15+00:00","mainEntityOfPage":{"@id":"https:\/\/dlb-aoer.de\/dreieich\/geaenderte-termine-der-abfallsammlung-wegen-pfingstmontag\/"},"wordCount":56,"publisher":{"@id":"https:\/\/dlb-aoer.de\/dreieich\/#organization"},"inLanguage":"de"},{"@type":"WebPage","@id":"https:\/\/dlb-aoer.de\/dreieich\/geaenderte-termine-der-abfallsammlung-wegen-pfingstmontag\/","url":"https:\/\/dlb-aoer.de\/dreieich\/geaenderte-termine-der-abfallsammlung-wegen-pfingstmontag\/","name":"Verschiebung M\u00fcllabfuhr Pfingsten - DLB Dreieich","isPartOf":{"@id":"https:\/\/dlb-aoer.de\/dreieich\/#website"},"datePublished":"2022-05-25T06:22:07+00:00","dateModified":"2022-06-08T07:28:15+00:00","breadcrumb":{"@id":"https:\/\/dlb-aoer.de\/dreieich\/geaenderte-termine-der-abfallsammlung-wegen-pfingstmontag\/#breadcrumb"},"inLanguage":"de","potentialAction":[{"@type":"ReadAction","target":["https:\/\/dlb-aoer.de\/dreieich\/geaenderte-termine-der-abfallsammlung-wegen-pfingstmontag\/"]}]},{"@type":"BreadcrumbList","@id":"https:\/\/dlb-aoer.de\/dreieich\/geaenderte-termine-der-abfallsammlung-wegen-pfingstmontag\/#breadcrumb","itemListElement":[{"@type":"ListItem","position":1,"name":"Startseite","item":"https:\/\/dlb-aoer.de\/dreieich\/"},{"@type":"ListItem","position":2,"name":"Verschiebung M\u00fcllabfuhr Pfingsten"}]},{"@type":"WebSite","@id":"https:\/\/dlb-aoer.de\/dreieich\/#website","url":"https:\/\/dlb-aoer.de\/dreieich\/","name":"DLB Dreieich","description":"","publisher":{"@id":"https:\/\/dlb-aoer.de\/dreieich\/#organization"},"potentialAction":[{"@type":"SearchAction","target":{"@type":"EntryPoint","urlTemplate":"https:\/\/dlb-aoer.de\/dreieich\/?s={search_term_string}"},"query-input":"required name=search_term_string"}],"inLanguage":"de"},{"@type":"Organization","@id":"https:\/\/dlb-aoer.de\/dreieich\/#organization","name":"Dienstleistungsbetrieb Dreieich und Neu-Isenburg A\u00f6R","url":"https:\/\/dlb-aoer.de\/dreieich\/","logo":{"@type":"ImageObject","inLanguage":"de","@id":"https:\/\/dlb-aoer.de\/dreieich\/#\/schema\/logo\/image\/","url":"https:\/\/dlb-aoer.de\/dreieich\/wp-content\/uploads\/sites\/4\/2019\/10\/DLB_Logo_orange.svg","contentUrl":"https:\/\/dlb-aoer.de\/dreieich\/wp-content\/uploads\/sites\/4\/2019\/10\/DLB_Logo_orange.svg","width":1,"height":1,"caption":"Dienstleistungsbetrieb Dreieich und Neu-Isenburg A\u00f6R"},"image":{"@id":"https:\/\/dlb-aoer.de\/dreieich\/#\/schema\/logo\/image\/"}},{"@type":"Person","@id":"https:\/\/dlb-aoer.de\/dreieich\/#\/schema\/person\/ace12b78b8beb2c401214583e8abb0ea","name":"dlbcontent","image":{"@type":"ImageObject","inLanguage":"de","@id":"https:\/\/dlb-aoer.de\/dreieich\/#\/schema\/person\/image\/","url":"https:\/\/secure.gravatar.com\/avatar\/9b83944ad4bb586f5b061e177ec90421c57dc65897720d856030931fc4ed8394?s=96&d=mm&r=g","contentUrl":"https:\/\/secure.gravatar.com\/avatar\/9b83944ad4bb586f5b061e177ec90421c57dc65897720d856030931fc4ed8394?s=96&d=mm&r=g","caption":"dlbcontent"}}]}},"_links":{"self":[{"href":"https:\/\/dlb-aoer.de\/dreieich\/wp-json\/wp\/v2\/posts\/2602","targetHints":{"allow":["GET"]}}],"collection":[{"href":"https:\/\/dlb-aoer.de\/dreieich\/wp-json\/wp\/v2\/posts"}],"about":[{"href":"https:\/\/dlb-aoer.de\/dreieich\/wp-json\/wp\/v2\/types\/post"}],"author":[{"embeddable":true,"href":"https:\/\/dlb-aoer.de\/dreieich\/wp-json\/wp\/v2\/users\/2"}],"replies":[{"embeddable":true,"href":"https:\/\/dlb-aoer.de\/dreieich\/wp-json\/wp\/v2\/comments?post=2602"}],"version-history":[{"count":4,"href":"https:\/\/dlb-aoer.de\/dreieich\/wp-json\/wp\/v2\/posts\/2602\/revisions"}],"predecessor-version":[{"id":2627,"href":"https:\/\/dlb-aoer.de\/dreieich\/wp-json\/wp\/v2\/posts\/2602\/revisions\/2627"}],"wp:attachment":[{"href":"https:\/\/dlb-aoer.de\/dreieich\/wp-json\/wp\/v2\/media?parent=2602"}],"wp:term":[{"taxonomy":"category","embeddable":true,"href":"https:\/\/dlb-aoer.de\/dreieich\/wp-json\/wp\/v2\/categories?post=2602"},{"taxonomy":"post_tag","embeddable":true,"href":"https:\/\/dlb-aoer.de\/dreieich\/wp-json\/wp\/v2\/tags?post=2602"}],"curies":[{"name":"wp","href":"https:\/\/api.w.org\/{rel}","templated":true}]}}