{"id":2597,"date":"2022-05-25T08:06:51","date_gmt":"2022-05-25T06:06:51","guid":{"rendered":"https:\/\/dlb-aoer.de\/dreieich\/?p=2597"},"modified":"2022-06-08T09:29:00","modified_gmt":"2022-06-08T07:29:00","slug":"pefc-audit-im-stadtwald-dreieich-pruefung-erfolgreich-bestanden","status":"publish","type":"post","link":"https:\/\/dlb-aoer.de\/dreieich\/pefc-audit-im-stadtwald-dreieich-pruefung-erfolgreich-bestanden\/","title":{"rendered":"PEFC-Audit im Stadtwald Dreieich"},"content":{"rendered":"\t\t<div data-elementor-type=\"wp-post\" data-elementor-id=\"2597\" class=\"elementor elementor-2597\">\n\t\t\t\t\t\t\t\t\t<section class=\"elementor-section elementor-top-section elementor-element elementor-element-5053c99 elementor-section-boxed elementor-section-height-default elementor-section-height-default\" data-id=\"5053c99\" data-element_type=\"section\">\n\t\t\t\t\t\t<div class=\"elementor-container elementor-column-gap-default\">\n\t\t\t\t\t<div class=\"elementor-column elementor-col-100 elementor-top-column elementor-element elementor-element-d64905c\" data-id=\"d64905c\" data-element_type=\"column\">\n\t\t\t<div class=\"elementor-widget-wrap elementor-element-populated\">\n\t\t\t\t\t\t\t\t<div class=\"elementor-element elementor-element-5924ab6 elementor-widget elementor-widget-text-editor\" data-id=\"5924ab6\" data-element_type=\"widget\" data-widget_type=\"text-editor.default\">\n\t\t\t\t<div class=\"elementor-widget-container\">\n\t\t\t\t\t\t\t<p><strong>PEFC-Audit im Stadtwald Dreieich: Pr\u00fcfung erfolgreich bestanden!<\/strong><\/p><p>Am 16. Mai 2022 fand im Stadtwald Dreieich im Rahmen einer Fl\u00e4chenstichprobe ein Audit des \u201eProgramme for the Endorsement of Forest Certification schemes\u201c (PEFC) mit gutem Ergebnis statt. Hierbei wurde festgestellt, dass alle Anforderungen des g\u00fcltigen PEFC-Standards umgesetzt und eingehalten werden.<\/p><p>Seit 2007 hat sich die Stadt Dreieich selbst verpflichtet, die Forstwirtschaft im Stadtwald nach den Standards von PEFC zu unterziehen. Die PEFC-Zertifizierung best\u00e4tigt, dass der Wald auf nachhaltige Weise bewirtschaftet wird. Sie ist ein Beweis daf\u00fcr, dass Holz aus \u00f6kologisch, \u00f6konomisch und sozial nachhaltig bewirtschafteten W\u00e4ldern stammt. Bei PEFC wird die gesamte Forstwirtschaft begutachtet und eine akkreditierte Zulassungsstelle vergibt ein entsprechendes Zertifikat. Die Waldbesitzer werden regelm\u00e4\u00dfig auf die Einhaltung der PEFC-Standards in sog. Vor-Ort-Audits \u00fcberpr\u00fcft. Die Auswahl erfolgt in einer repr\u00e4sentativen Stichprobenziehung.<\/p><p>F\u00fcr dieses Jahr wurde erstmals auch der Stadtwald Dreieich gezogen und gepr\u00fcft. Die Pr\u00fcfung im Stadtwald Dreieich nahm der forstliche Gutachter Alfred Raunecker vom unabh\u00e4ngigen Zertifizierungsunternehmen DIN CERTO vor. Anwesend waren zudem Stefan Neubrandt (Revierleiter), Melvin Mika (Forstamtsleiter FA Langen), Wolf-Heinrich-Krahnst\u00f6ver (Bereichsleiter Produktion beim FA Langen) und Sylvio J\u00e4ckel (DLB A\u00f6R, als Vertreter des Waldbesitzers).<\/p><p>\u00dcberpr\u00fcft wurden im Stadtwald Dreieichenhain unter anderem die nachhaltige Waldbewirtschaftung, Verj\u00fcngung, Art und Herkunft des verwendeten Pflanzmaterials, Umgang mit Totholz, Kennzeichnung von Biotopb\u00e4umen, Schnitt- und F\u00e4lltechniken, Kennzeichnung und Abst\u00e4nde von R\u00fcckegassen, Nachweise von Zertifizierungen von beauftragten Forstunternehmern, aber auch die vertraglichen Vorgaben bei der Vergabe von Lesescheinen, \u00a0wie \u00a0zum \u00a0Beispiel \u00a0Motors\u00e4genf\u00fchrerschein \u00a0und \u00a0Motors\u00e4genkraftstoffe \u00a0und -ketten\u00f6le.<\/p><p>Bei der nachhaltigen Waldbewirtschaftung wurde beispielsweise die Holzerntemenge, die Vermeidung von Sch\u00e4den an Boden und Bestand sowie die Erschlie\u00dfungsdichte durch R\u00fcckegassen und deren ausreichende Markierung \u00fcberpr\u00fcft. Beim Umgang mit Totholz nach PEFC- Standards gilt neben dem Belassen von typischen Totholzb\u00e4umen wie beispielsweise Specht- oder H\u00f6hlenb\u00e4umen auch das Kronenholz, welches bei Erntema\u00dfnahmen anf\u00e4llt. Ein Teil davon muss im Bestand verbleiben. \u00a0\u201eSomit sind die h\u00e4ufig von B\u00fcrgern geforderten &#8217;sauberen&#8216; Best\u00e4nde, in denen kein Totholz belassen wird, nicht PEFC konform\u201c, erl\u00e4utert Sylvio J\u00e4ckel.<\/p><p>Bei ausreichender Naturverj\u00fcngung auf kleineren Freifl\u00e4chen ist diese auf jeden Fall vor Nachpflanzungen vorzuziehen und zu f\u00f6rdern. In einer Nachpflanzungsfl\u00e4che mit Eichen, Kirschen und Esskastanien wurden Pflanzenherkunft, Qualit\u00e4t, Pflanzabst\u00e4nde, Baumartenwahl und die Pflege gepr\u00fcft.<\/p><p>Am Ende des Audits zeigte sich Pr\u00fcfer Alfred Raunecker sehr zufrieden mit der durch das Forstamt Langen gesteuerten Forstwirtschaft und best\u00e4tigte im Protokoll die gute Arbeit und somit die weitere Verwendung des PEFC-Logos.<\/p><p>Auch Erster Stadtrat Markus Heller zeigt sich zufrieden: \u201eMit der unabh\u00e4ngigen \u00dcberpr\u00fcfung durch das Vor-Ort-Audit haben wir eine wertvolle Best\u00e4tigung der nachhaltigen Bewirtschaftung unseres Stadtwaldes erhalten. Ein Dankesch\u00f6n an dieser Stelle an das Forstamt Langen f\u00fcr die sehr gute Arbeit und vertrauensvolle Zusammenarbeit \u00fcber viele Jahre.\u201c Mittlerweile hat die Zertifizierung der nachhaltigen Forstwirtschaft auch finanzielle Vorteile: \u201eDurch die Zertifizierung der nachhaltigen Forstwirtschaft haben wir im Jahr 2021 eine F\u00f6rderung im Rahmen der Bundeswaldpr\u00e4mie in H\u00f6he von 23.460 Euro erhalten, was trotz der schwierigen Lage im Wald durch die Klimawandelproblematik eine kostendeckende Bewirtschaftung des Stadtwaldes erm\u00f6glicht\u201c, merkt DLB A\u00f6R-Vorstand Petra Klink an.<\/p>\t\t\t\t\t\t<\/div>\n\t\t\t\t<\/div>\n\t\t\t\t\t<\/div>\n\t\t<\/div>\n\t\t\t\t\t\t\t<\/div>\n\t\t<\/section>\n\t\t\t\t<section class=\"elementor-section elementor-top-section elementor-element elementor-element-2a5074d elementor-section-boxed elementor-section-height-default elementor-section-height-default\" data-id=\"2a5074d\" data-element_type=\"section\">\n\t\t\t\t\t\t<div class=\"elementor-container elementor-column-gap-default\">\n\t\t\t\t\t<div class=\"elementor-column elementor-col-100 elementor-top-column elementor-element elementor-element-aa02470\" data-id=\"aa02470\" data-element_type=\"column\">\n\t\t\t<div class=\"elementor-widget-wrap elementor-element-populated\">\n\t\t\t\t\t\t\t\t<div class=\"elementor-element elementor-element-110f1db elementor-widget elementor-widget-image\" data-id=\"110f1db\" data-element_type=\"widget\" data-widget_type=\"image.default\">\n\t\t\t\t<div class=\"elementor-widget-container\">\n\t\t\t\t\t\t\t\t\t\t\t\t\t\t\t<img loading=\"lazy\" decoding=\"async\" width=\"1024\" height=\"769\" src=\"https:\/\/dlb-aoer.de\/dreieich\/wp-content\/uploads\/sites\/4\/2022\/05\/DLB_PEFC-Audit-1024x769.jpg\" class=\"attachment-large size-large wp-image-2599\" alt=\"F\u00fcnf M\u00e4nner im Wald. Der forstliche Gutachter Alfred Raunecker vom unabh\u00e4ngigen Zertifizierungsunternehmen DIN CERTO, Stefan Neubrandt (Revierleiter), Melvin Mika (Forstamtsleiter FA Langen), Wolf-Heinrich-Krahnst\u00f6ver (Bereichsleiter Produktion beim FA Langen) und Sylvio J\u00e4ckel (DLB A\u00f6R, als Vertreter des Waldbesitzers)\" srcset=\"https:\/\/dlb-aoer.de\/dreieich\/wp-content\/uploads\/sites\/4\/2022\/05\/DLB_PEFC-Audit-1024x769.jpg 1024w, https:\/\/dlb-aoer.de\/dreieich\/wp-content\/uploads\/sites\/4\/2022\/05\/DLB_PEFC-Audit-300x225.jpg 300w, https:\/\/dlb-aoer.de\/dreieich\/wp-content\/uploads\/sites\/4\/2022\/05\/DLB_PEFC-Audit-768x577.jpg 768w, https:\/\/dlb-aoer.de\/dreieich\/wp-content\/uploads\/sites\/4\/2022\/05\/DLB_PEFC-Audit-1536x1154.jpg 1536w, https:\/\/dlb-aoer.de\/dreieich\/wp-content\/uploads\/sites\/4\/2022\/05\/DLB_PEFC-Audit-2048x1539.jpg 2048w, https:\/\/dlb-aoer.de\/dreieich\/wp-content\/uploads\/sites\/4\/2022\/05\/DLB_PEFC-Audit-830x624.jpg 830w, https:\/\/dlb-aoer.de\/dreieich\/wp-content\/uploads\/sites\/4\/2022\/05\/DLB_PEFC-Audit-230x173.jpg 230w, https:\/\/dlb-aoer.de\/dreieich\/wp-content\/uploads\/sites\/4\/2022\/05\/DLB_PEFC-Audit-350x263.jpg 350w, https:\/\/dlb-aoer.de\/dreieich\/wp-content\/uploads\/sites\/4\/2022\/05\/DLB_PEFC-Audit-480x361.jpg 480w\" sizes=\"auto, (max-width: 1024px) 100vw, 1024px\" \/>\t\t\t\t\t\t\t\t\t\t\t\t\t\t\t<\/div>\n\t\t\t\t<\/div>\n\t\t\t\t\t<\/div>\n\t\t<\/div>\n\t\t\t\t\t\t\t<\/div>\n\t\t<\/section>\n\t\t\t\t\t\t\t<\/div>\n\t\t","protected":false},"excerpt":{"rendered":"<p>PEFC-Audit im Stadtwald Dreieich: Pr\u00fcfung erfolgreich bestanden! Am 16. Mai 2022 fand im Stadtwald Dreieich im Rahmen einer Fl\u00e4chenstichprobe ein Audit des [&hellip;]<\/p>\n","protected":false},"author":2,"featured_media":0,"comment_status":"closed","ping_status":"closed","sticky":false,"template":"","format":"standard","meta":{"inline_featured_image":false,"footnotes":"","_links_to":"","_links_to_target":""},"categories":[1],"tags":[],"class_list":["post-2597","post","type-post","status-publish","format-standard","hentry","category-allgemein"],"yoast_head":"<!-- This site is optimized with the Yoast SEO plugin v21.6 - https:\/\/yoast.com\/wordpress\/plugins\/seo\/ -->\n<title>PEFC-Audit im Stadtwald Dreieich - DLB Dreieich<\/title>\n<meta name=\"robots\" content=\"noindex, follow\" \/>\n<meta property=\"og:locale\" content=\"de_DE\" \/>\n<meta property=\"og:type\" content=\"article\" \/>\n<meta property=\"og:title\" content=\"PEFC-Audit im Stadtwald Dreieich - DLB Dreieich\" \/>\n<meta property=\"og:description\" content=\"PEFC-Audit im Stadtwald Dreieich: Pr\u00fcfung erfolgreich bestanden! Am 16. Mai 2022 fand im Stadtwald Dreieich im Rahmen einer Fl\u00e4chenstichprobe ein Audit des [&hellip;]\" \/>\n<meta property=\"og:url\" content=\"https:\/\/dlb-aoer.de\/dreieich\/pefc-audit-im-stadtwald-dreieich-pruefung-erfolgreich-bestanden\/\" \/>\n<meta property=\"og:site_name\" content=\"DLB Dreieich\" \/>\n<meta property=\"article:published_time\" content=\"2022-05-25T06:06:51+00:00\" \/>\n<meta property=\"article:modified_time\" content=\"2022-06-08T07:29:00+00:00\" \/>\n<meta property=\"og:image\" content=\"https:\/\/dlb-aoer.de\/dreieich\/wp-content\/uploads\/sites\/4\/2022\/05\/DLB_PEFC-Audit-1024x769.jpg\" \/>\n<meta name=\"author\" content=\"dlbcontent\" \/>\n<meta name=\"twitter:card\" content=\"summary_large_image\" \/>\n<meta name=\"twitter:label1\" content=\"Verfasst von\" \/>\n\t<meta name=\"twitter:data1\" content=\"dlbcontent\" \/>\n\t<meta name=\"twitter:label2\" content=\"Gesch\u00e4tzte Lesezeit\" \/>\n\t<meta name=\"twitter:data2\" content=\"3\u00a0Minuten\" \/>\n<script type=\"application\/ld+json\" class=\"yoast-schema-graph\">{\"@context\":\"https:\/\/schema.org\",\"@graph\":[{\"@type\":\"Article\",\"@id\":\"https:\/\/dlb-aoer.de\/dreieich\/pefc-audit-im-stadtwald-dreieich-pruefung-erfolgreich-bestanden\/#article\",\"isPartOf\":{\"@id\":\"https:\/\/dlb-aoer.de\/dreieich\/pefc-audit-im-stadtwald-dreieich-pruefung-erfolgreich-bestanden\/\"},\"author\":{\"name\":\"dlbcontent\",\"@id\":\"https:\/\/dlb-aoer.de\/dreieich\/#\/schema\/person\/ace12b78b8beb2c401214583e8abb0ea\"},\"headline\":\"PEFC-Audit im Stadtwald Dreieich\",\"datePublished\":\"2022-05-25T06:06:51+00:00\",\"dateModified\":\"2022-06-08T07:29:00+00:00\",\"mainEntityOfPage\":{\"@id\":\"https:\/\/dlb-aoer.de\/dreieich\/pefc-audit-im-stadtwald-dreieich-pruefung-erfolgreich-bestanden\/\"},\"wordCount\":546,\"publisher\":{\"@id\":\"https:\/\/dlb-aoer.de\/dreieich\/#organization\"},\"inLanguage\":\"de\"},{\"@type\":\"WebPage\",\"@id\":\"https:\/\/dlb-aoer.de\/dreieich\/pefc-audit-im-stadtwald-dreieich-pruefung-erfolgreich-bestanden\/\",\"url\":\"https:\/\/dlb-aoer.de\/dreieich\/pefc-audit-im-stadtwald-dreieich-pruefung-erfolgreich-bestanden\/\",\"name\":\"PEFC-Audit im Stadtwald Dreieich - DLB Dreieich\",\"isPartOf\":{\"@id\":\"https:\/\/dlb-aoer.de\/dreieich\/#website\"},\"datePublished\":\"2022-05-25T06:06:51+00:00\",\"dateModified\":\"2022-06-08T07:29:00+00:00\",\"breadcrumb\":{\"@id\":\"https:\/\/dlb-aoer.de\/dreieich\/pefc-audit-im-stadtwald-dreieich-pruefung-erfolgreich-bestanden\/#breadcrumb\"},\"inLanguage\":\"de\",\"potentialAction\":[{\"@type\":\"ReadAction\",\"target\":[\"https:\/\/dlb-aoer.de\/dreieich\/pefc-audit-im-stadtwald-dreieich-pruefung-erfolgreich-bestanden\/\"]}]},{\"@type\":\"BreadcrumbList\",\"@id\":\"https:\/\/dlb-aoer.de\/dreieich\/pefc-audit-im-stadtwald-dreieich-pruefung-erfolgreich-bestanden\/#breadcrumb\",\"itemListElement\":[{\"@type\":\"ListItem\",\"position\":1,\"name\":\"Startseite\",\"item\":\"https:\/\/dlb-aoer.de\/dreieich\/\"},{\"@type\":\"ListItem\",\"position\":2,\"name\":\"PEFC-Audit im Stadtwald Dreieich\"}]},{\"@type\":\"WebSite\",\"@id\":\"https:\/\/dlb-aoer.de\/dreieich\/#website\",\"url\":\"https:\/\/dlb-aoer.de\/dreieich\/\",\"name\":\"DLB Dreieich\",\"description\":\"\",\"publisher\":{\"@id\":\"https:\/\/dlb-aoer.de\/dreieich\/#organization\"},\"potentialAction\":[{\"@type\":\"SearchAction\",\"target\":{\"@type\":\"EntryPoint\",\"urlTemplate\":\"https:\/\/dlb-aoer.de\/dreieich\/?s={search_term_string}\"},\"query-input\":\"required name=search_term_string\"}],\"inLanguage\":\"de\"},{\"@type\":\"Organization\",\"@id\":\"https:\/\/dlb-aoer.de\/dreieich\/#organization\",\"name\":\"Dienstleistungsbetrieb Dreieich und Neu-Isenburg A\u00f6R\",\"url\":\"https:\/\/dlb-aoer.de\/dreieich\/\",\"logo\":{\"@type\":\"ImageObject\",\"inLanguage\":\"de\",\"@id\":\"https:\/\/dlb-aoer.de\/dreieich\/#\/schema\/logo\/image\/\",\"url\":\"https:\/\/dlb-aoer.de\/dreieich\/wp-content\/uploads\/sites\/4\/2019\/10\/DLB_Logo_orange.svg\",\"contentUrl\":\"https:\/\/dlb-aoer.de\/dreieich\/wp-content\/uploads\/sites\/4\/2019\/10\/DLB_Logo_orange.svg\",\"width\":1,\"height\":1,\"caption\":\"Dienstleistungsbetrieb Dreieich und Neu-Isenburg A\u00f6R\"},\"image\":{\"@id\":\"https:\/\/dlb-aoer.de\/dreieich\/#\/schema\/logo\/image\/\"}},{\"@type\":\"Person\",\"@id\":\"https:\/\/dlb-aoer.de\/dreieich\/#\/schema\/person\/ace12b78b8beb2c401214583e8abb0ea\",\"name\":\"dlbcontent\",\"image\":{\"@type\":\"ImageObject\",\"inLanguage\":\"de\",\"@id\":\"https:\/\/dlb-aoer.de\/dreieich\/#\/schema\/person\/image\/\",\"url\":\"https:\/\/secure.gravatar.com\/avatar\/9b83944ad4bb586f5b061e177ec90421c57dc65897720d856030931fc4ed8394?s=96&d=mm&r=g\",\"contentUrl\":\"https:\/\/secure.gravatar.com\/avatar\/9b83944ad4bb586f5b061e177ec90421c57dc65897720d856030931fc4ed8394?s=96&d=mm&r=g\",\"caption\":\"dlbcontent\"}}]}<\/script>\n<!-- \/ Yoast SEO plugin. -->","yoast_head_json":{"title":"PEFC-Audit im Stadtwald Dreieich - DLB Dreieich","robots":{"index":"noindex","follow":"follow"},"og_locale":"de_DE","og_type":"article","og_title":"PEFC-Audit im Stadtwald Dreieich - DLB Dreieich","og_description":"PEFC-Audit im Stadtwald Dreieich: Pr\u00fcfung erfolgreich bestanden! Am 16. Mai 2022 fand im Stadtwald Dreieich im Rahmen einer Fl\u00e4chenstichprobe ein Audit des [&hellip;]","og_url":"https:\/\/dlb-aoer.de\/dreieich\/pefc-audit-im-stadtwald-dreieich-pruefung-erfolgreich-bestanden\/","og_site_name":"DLB Dreieich","article_published_time":"2022-05-25T06:06:51+00:00","article_modified_time":"2022-06-08T07:29:00+00:00","og_image":[{"url":"https:\/\/dlb-aoer.de\/dreieich\/wp-content\/uploads\/sites\/4\/2022\/05\/DLB_PEFC-Audit-1024x769.jpg"}],"author":"dlbcontent","twitter_card":"summary_large_image","twitter_misc":{"Verfasst von":"dlbcontent","Gesch\u00e4tzte Lesezeit":"3\u00a0Minuten"},"schema":{"@context":"https:\/\/schema.org","@graph":[{"@type":"Article","@id":"https:\/\/dlb-aoer.de\/dreieich\/pefc-audit-im-stadtwald-dreieich-pruefung-erfolgreich-bestanden\/#article","isPartOf":{"@id":"https:\/\/dlb-aoer.de\/dreieich\/pefc-audit-im-stadtwald-dreieich-pruefung-erfolgreich-bestanden\/"},"author":{"name":"dlbcontent","@id":"https:\/\/dlb-aoer.de\/dreieich\/#\/schema\/person\/ace12b78b8beb2c401214583e8abb0ea"},"headline":"PEFC-Audit im Stadtwald Dreieich","datePublished":"2022-05-25T06:06:51+00:00","dateModified":"2022-06-08T07:29:00+00:00","mainEntityOfPage":{"@id":"https:\/\/dlb-aoer.de\/dreieich\/pefc-audit-im-stadtwald-dreieich-pruefung-erfolgreich-bestanden\/"},"wordCount":546,"publisher":{"@id":"https:\/\/dlb-aoer.de\/dreieich\/#organization"},"inLanguage":"de"},{"@type":"WebPage","@id":"https:\/\/dlb-aoer.de\/dreieich\/pefc-audit-im-stadtwald-dreieich-pruefung-erfolgreich-bestanden\/","url":"https:\/\/dlb-aoer.de\/dreieich\/pefc-audit-im-stadtwald-dreieich-pruefung-erfolgreich-bestanden\/","name":"PEFC-Audit im Stadtwald Dreieich - DLB Dreieich","isPartOf":{"@id":"https:\/\/dlb-aoer.de\/dreieich\/#website"},"datePublished":"2022-05-25T06:06:51+00:00","dateModified":"2022-06-08T07:29:00+00:00","breadcrumb":{"@id":"https:\/\/dlb-aoer.de\/dreieich\/pefc-audit-im-stadtwald-dreieich-pruefung-erfolgreich-bestanden\/#breadcrumb"},"inLanguage":"de","potentialAction":[{"@type":"ReadAction","target":["https:\/\/dlb-aoer.de\/dreieich\/pefc-audit-im-stadtwald-dreieich-pruefung-erfolgreich-bestanden\/"]}]},{"@type":"BreadcrumbList","@id":"https:\/\/dlb-aoer.de\/dreieich\/pefc-audit-im-stadtwald-dreieich-pruefung-erfolgreich-bestanden\/#breadcrumb","itemListElement":[{"@type":"ListItem","position":1,"name":"Startseite","item":"https:\/\/dlb-aoer.de\/dreieich\/"},{"@type":"ListItem","position":2,"name":"PEFC-Audit im Stadtwald Dreieich"}]},{"@type":"WebSite","@id":"https:\/\/dlb-aoer.de\/dreieich\/#website","url":"https:\/\/dlb-aoer.de\/dreieich\/","name":"DLB Dreieich","description":"","publisher":{"@id":"https:\/\/dlb-aoer.de\/dreieich\/#organization"},"potentialAction":[{"@type":"SearchAction","target":{"@type":"EntryPoint","urlTemplate":"https:\/\/dlb-aoer.de\/dreieich\/?s={search_term_string}"},"query-input":"required name=search_term_string"}],"inLanguage":"de"},{"@type":"Organization","@id":"https:\/\/dlb-aoer.de\/dreieich\/#organization","name":"Dienstleistungsbetrieb Dreieich und Neu-Isenburg A\u00f6R","url":"https:\/\/dlb-aoer.de\/dreieich\/","logo":{"@type":"ImageObject","inLanguage":"de","@id":"https:\/\/dlb-aoer.de\/dreieich\/#\/schema\/logo\/image\/","url":"https:\/\/dlb-aoer.de\/dreieich\/wp-content\/uploads\/sites\/4\/2019\/10\/DLB_Logo_orange.svg","contentUrl":"https:\/\/dlb-aoer.de\/dreieich\/wp-content\/uploads\/sites\/4\/2019\/10\/DLB_Logo_orange.svg","width":1,"height":1,"caption":"Dienstleistungsbetrieb Dreieich und Neu-Isenburg A\u00f6R"},"image":{"@id":"https:\/\/dlb-aoer.de\/dreieich\/#\/schema\/logo\/image\/"}},{"@type":"Person","@id":"https:\/\/dlb-aoer.de\/dreieich\/#\/schema\/person\/ace12b78b8beb2c401214583e8abb0ea","name":"dlbcontent","image":{"@type":"ImageObject","inLanguage":"de","@id":"https:\/\/dlb-aoer.de\/dreieich\/#\/schema\/person\/image\/","url":"https:\/\/secure.gravatar.com\/avatar\/9b83944ad4bb586f5b061e177ec90421c57dc65897720d856030931fc4ed8394?s=96&d=mm&r=g","contentUrl":"https:\/\/secure.gravatar.com\/avatar\/9b83944ad4bb586f5b061e177ec90421c57dc65897720d856030931fc4ed8394?s=96&d=mm&r=g","caption":"dlbcontent"}}]}},"_links":{"self":[{"href":"https:\/\/dlb-aoer.de\/dreieich\/wp-json\/wp\/v2\/posts\/2597","targetHints":{"allow":["GET"]}}],"collection":[{"href":"https:\/\/dlb-aoer.de\/dreieich\/wp-json\/wp\/v2\/posts"}],"about":[{"href":"https:\/\/dlb-aoer.de\/dreieich\/wp-json\/wp\/v2\/types\/post"}],"author":[{"embeddable":true,"href":"https:\/\/dlb-aoer.de\/dreieich\/wp-json\/wp\/v2\/users\/2"}],"replies":[{"embeddable":true,"href":"https:\/\/dlb-aoer.de\/dreieich\/wp-json\/wp\/v2\/comments?post=2597"}],"version-history":[{"count":6,"href":"https:\/\/dlb-aoer.de\/dreieich\/wp-json\/wp\/v2\/posts\/2597\/revisions"}],"predecessor-version":[{"id":3039,"href":"https:\/\/dlb-aoer.de\/dreieich\/wp-json\/wp\/v2\/posts\/2597\/revisions\/3039"}],"wp:attachment":[{"href":"https:\/\/dlb-aoer.de\/dreieich\/wp-json\/wp\/v2\/media?parent=2597"}],"wp:term":[{"taxonomy":"category","embeddable":true,"href":"https:\/\/dlb-aoer.de\/dreieich\/wp-json\/wp\/v2\/categories?post=2597"},{"taxonomy":"post_tag","embeddable":true,"href":"https:\/\/dlb-aoer.de\/dreieich\/wp-json\/wp\/v2\/tags?post=2597"}],"curies":[{"name":"wp","href":"https:\/\/api.w.org\/{rel}","templated":true}]}}