{"id":2583,"date":"2022-05-18T07:26:20","date_gmt":"2022-05-18T05:26:20","guid":{"rendered":"https:\/\/dlb-aoer.de\/dreieich\/?p=2583"},"modified":"2022-05-19T10:00:14","modified_gmt":"2022-05-19T08:00:14","slug":"sauberhafter-kindertag-dreieicher-kitas-haben-ein-zeichen-fuer-den-umweltschutz-gesetzt","status":"publish","type":"post","link":"https:\/\/dlb-aoer.de\/dreieich\/sauberhafter-kindertag-dreieicher-kitas-haben-ein-zeichen-fuer-den-umweltschutz-gesetzt\/","title":{"rendered":"\u201eSauberhafter Kindertag\u201c Dreieicher Kitas haben ein Zeichen f\u00fcr den Umweltschutz gesetzt!"},"content":{"rendered":"\t\t<div data-elementor-type=\"wp-post\" data-elementor-id=\"2583\" class=\"elementor elementor-2583\">\n\t\t\t\t\t\t\t\t\t<section class=\"elementor-section elementor-top-section elementor-element elementor-element-3f23ef7 elementor-section-boxed elementor-section-height-default elementor-section-height-default\" data-id=\"3f23ef7\" data-element_type=\"section\">\n\t\t\t\t\t\t<div class=\"elementor-container elementor-column-gap-default\">\n\t\t\t\t\t<div class=\"elementor-column elementor-col-100 elementor-top-column elementor-element elementor-element-5fdb061\" data-id=\"5fdb061\" data-element_type=\"column\">\n\t\t\t<div class=\"elementor-widget-wrap elementor-element-populated\">\n\t\t\t\t\t\t\t\t<div class=\"elementor-element elementor-element-a59b389 elementor-widget elementor-widget-text-editor\" data-id=\"a59b389\" data-element_type=\"widget\" data-widget_type=\"text-editor.default\">\n\t\t\t\t<div class=\"elementor-widget-container\">\n\t\t\t\t\t\t\t<p>Am \u201eSauberhaften Kindertag\u201c waren wieder die Umweltsch\u00fctzer von morgen unterwegs. An diesem Aktionstag haben sich Hunderte Kindertagesst\u00e4tten in ganz Hessen auf den Weg gemacht und gemeinsam rund um die Kindertagesst\u00e4tte Abfall gesammelt.<\/p><p>In Dreieich waren acht KiTas mit insgesamt 131 Kindern und 28 BetreuerInnen unterwegs. Die Kinder waren hochmotiviert und sind ausger\u00fcstet mit Handschuhen und M\u00fcllzangen auf die Jagd nach M\u00fcll gegangen. Doch sie mussten leider nicht lange suchen: In allen Bereichen, auf Gehwegen, neben Sitzb\u00e4nken, an Papierk\u00f6rben und sogar auf Spielpl\u00e4tzen wurden gro\u00dfe Mengen Zigarettenkippen gefunden! Die Kinder der KiTa Nahrgangstra\u00dfe fassen es gut zusammen: \u201eDie paar Zentimeter zum Papierkorb h\u00e4tte man doch auch noch geschafft, sehr \u00e4rgerlich!\u201c Sie haben an der Stangenpyramide in Dreieich gesammelt. Neben den zahlreichen Zigarettenkippen haben sie auch andere Dinge, wie einen Golfball oder ein Blechschild vom Reitplatz gefunden. Auch die Allerkleinsten waren unterwegs. Acht Kinder der Krippe Hegelstra\u00dfe haben zusammen mit ihren drei BetreuerInnen viele bef\u00fcllte Hundekotbeutel am Stra\u00dfenrand gefunden. \u201eDiese Information nehmen wir gerne auf, wir werden die Ausstattung mit Papierk\u00f6rben vor Ort pr\u00fcfen und im Bedarfsfall neue Papierkorbstandorte planen.\u201c, so Petra Klink, Vorstand DLB A\u00f6R.<\/p><p>Eine besondere \u00dcberraschung gab es f\u00fcr die M\u00fcllsammler der KiTa Am Wilhelmshof. Das DLB Maskottchen \u201eLutz van Putz\u201c war unterwegs und hat die Kinder in der Freiherr vom Stein Stra\u00dfe getroffen. Die Freude war gro\u00df und Lutz konnte gleich erfahren, was die Kinder Interessantes gefunden haben.<\/p><p>Die Beteiligung der KiTas in Dreieich war in diesem Jahr besonders hoch, hierf\u00fcr bedankt sich auch Markus Heller, Erster Stadtrat der Stadt Dreieich: \u201eIch freue mich sehr, dass so viele Kinder unser Dreieich ein St\u00fcck sauberer gemacht haben! Ein besonderer Dank gilt auch den Erzieherinnen und Erziehern, die t\u00e4glich einen wichtigen Beitrag f\u00fcr die Entwicklung kleiner Pers\u00f6nlichkeiten leisten!\u201c<\/p><p>Der sauberhafte Kindertag ist eine wichtige Erfahrung f\u00fcr die Kleinen. Durch die Aktion k\u00f6nnen Kinder erleben, dass ihr eigenes Handeln etwas bewegt.<\/p><p>Der \u201eSauberhafte Kindertag\u201c findet j\u00e4hrlich im Rahmen der Umweltkampagne der Hessischen Landesregierung \u201eSauberhaftes Hessen\u201c statt. Ziel der Kampagne ist es, das Bewusstsein f\u00fcr eine intakte Umwelt, den Wert von Ressourcen und die Wichtigkeit von Abfallvermeidung zu sch\u00e4rfen. Seit 2002 haben jedes Jahr tausende hessische B\u00fcrgerinnen und B\u00fcrger bei unz\u00e4hligen Sammelaktionen selbst Hand angelegt und verschmutzte Fl\u00e4chen von Abf\u00e4llen befreit. 2022 feiert die Kampagne bereits ihr 20-j\u00e4hriges Jubil\u00e4um.<\/p><p>Am 19. Juli startet die n\u00e4chste sauberhafte Aktion! Demn\u00e4chst werden alle Schulen in Dreieich eingeladen daran teilzunehmen. Nat\u00fcrlich auch wieder mit DLB-Unterst\u00fctzung!<\/p><p>Mehr Informationen finden Sie unter <a href=\"https:\/\/dlb-aoer.de\/dreieich\/strassen\/strassenreinigung\/sauberhafter-kindertag\/\">www.dlb-aoer.de <\/a>oder sauberhaftes-hessen.de sowie auf den Social Media-Kan\u00e4len facebook.com\/umwelthessen, twitter.com\/umwelthessen und instagram.com\/umwelthessen.<\/p><p>Folgende Einrichtungen waren am 10. Mai in Dreieich dabei:<\/p><p>F\u00fcr Dreieich: Waldkindergarten Dreieich e.V., Kita Buchschlag, Kita \u201cDie Kirchenm\u00e4use\u201c, Kita Am Wilhelmshof, Ev. Kita G\u00f6tzenhain, Kita Zeisigweg, Kita Nahrgangstra\u00dfe und Kinderkrippe Hegelstra\u00dfe.<\/p>\t\t\t\t\t\t<\/div>\n\t\t\t\t<\/div>\n\t\t\t\t\t<\/div>\n\t\t<\/div>\n\t\t\t\t\t\t\t<\/div>\n\t\t<\/section>\n\t\t\t\t<section class=\"elementor-section elementor-top-section elementor-element elementor-element-546a356 elementor-section-boxed elementor-section-height-default elementor-section-height-default\" data-id=\"546a356\" data-element_type=\"section\">\n\t\t\t\t\t\t<div class=\"elementor-container elementor-column-gap-default\">\n\t\t\t\t\t<div class=\"elementor-column elementor-col-100 elementor-top-column elementor-element elementor-element-5f4c899\" data-id=\"5f4c899\" data-element_type=\"column\">\n\t\t\t<div class=\"elementor-widget-wrap elementor-element-populated\">\n\t\t\t\t\t\t\t\t<div class=\"elementor-element elementor-element-15547f0 elementor-widget elementor-widget-image\" data-id=\"15547f0\" data-element_type=\"widget\" data-widget_type=\"image.default\">\n\t\t\t\t<div class=\"elementor-widget-container\">\n\t\t\t\t\t\t\t\t\t\t\t\t\t\t\t\t<a href=\"https:\/\/dlb-aoer.de\/dreieich\/wp-content\/uploads\/sites\/4\/2022\/05\/Lutz-van-Putz-in-Dreieich-scaled.jpg\" data-elementor-open-lightbox=\"yes\" data-elementor-lightbox-title=\"Lutz van Putz in Dreieich\" data-e-action-hash=\"#elementor-action%3Aaction%3Dlightbox%26settings%3DeyJpZCI6MjU4NSwidXJsIjoiaHR0cHM6XC9cL2RsYi1hb2VyLmRlXC9kcmVpZWljaFwvd3AtY29udGVudFwvdXBsb2Fkc1wvc2l0ZXNcLzRcLzIwMjJcLzA1XC9MdXR6LXZhbi1QdXR6LWluLURyZWllaWNoLXNjYWxlZC5qcGcifQ%3D%3D\">\n\t\t\t\t\t\t\t<img loading=\"lazy\" decoding=\"async\" width=\"1024\" height=\"768\" src=\"https:\/\/dlb-aoer.de\/dreieich\/wp-content\/uploads\/sites\/4\/2022\/05\/Lutz-van-Putz-in-Dreieich-1024x768.jpg\" class=\"attachment-large size-large wp-image-2585\" alt=\"Eine Gruppe Kinder winkt mit Lutz van Putz (Maskottchen) in die Kamera\" srcset=\"https:\/\/dlb-aoer.de\/dreieich\/wp-content\/uploads\/sites\/4\/2022\/05\/Lutz-van-Putz-in-Dreieich-1024x768.jpg 1024w, https:\/\/dlb-aoer.de\/dreieich\/wp-content\/uploads\/sites\/4\/2022\/05\/Lutz-van-Putz-in-Dreieich-300x225.jpg 300w, https:\/\/dlb-aoer.de\/dreieich\/wp-content\/uploads\/sites\/4\/2022\/05\/Lutz-van-Putz-in-Dreieich-768x576.jpg 768w, https:\/\/dlb-aoer.de\/dreieich\/wp-content\/uploads\/sites\/4\/2022\/05\/Lutz-van-Putz-in-Dreieich-1536x1152.jpg 1536w, https:\/\/dlb-aoer.de\/dreieich\/wp-content\/uploads\/sites\/4\/2022\/05\/Lutz-van-Putz-in-Dreieich-2048x1536.jpg 2048w, https:\/\/dlb-aoer.de\/dreieich\/wp-content\/uploads\/sites\/4\/2022\/05\/Lutz-van-Putz-in-Dreieich-830x623.jpg 830w, https:\/\/dlb-aoer.de\/dreieich\/wp-content\/uploads\/sites\/4\/2022\/05\/Lutz-van-Putz-in-Dreieich-230x173.jpg 230w, https:\/\/dlb-aoer.de\/dreieich\/wp-content\/uploads\/sites\/4\/2022\/05\/Lutz-van-Putz-in-Dreieich-350x263.jpg 350w, https:\/\/dlb-aoer.de\/dreieich\/wp-content\/uploads\/sites\/4\/2022\/05\/Lutz-van-Putz-in-Dreieich-480x360.jpg 480w\" sizes=\"auto, (max-width: 1024px) 100vw, 1024px\" \/>\t\t\t\t\t\t\t\t<\/a>\n\t\t\t\t\t\t\t\t\t\t\t\t\t\t\t<\/div>\n\t\t\t\t<\/div>\n\t\t\t\t\t<\/div>\n\t\t<\/div>\n\t\t\t\t\t\t\t<\/div>\n\t\t<\/section>\n\t\t\t\t\t\t\t<\/div>\n\t\t","protected":false},"excerpt":{"rendered":"<p>Am \u201eSauberhaften Kindertag\u201c waren wieder die Umweltsch\u00fctzer von morgen unterwegs. An diesem Aktionstag haben sich Hunderte Kindertagesst\u00e4tten in ganz Hessen auf den [&hellip;]<\/p>\n","protected":false},"author":2,"featured_media":0,"comment_status":"closed","ping_status":"closed","sticky":false,"template":"","format":"standard","meta":{"inline_featured_image":false,"footnotes":"","_links_to":"","_links_to_target":""},"categories":[1],"tags":[],"class_list":["post-2583","post","type-post","status-publish","format-standard","hentry","category-allgemein"],"yoast_head":"<!-- This site is optimized with the Yoast SEO plugin v21.6 - https:\/\/yoast.com\/wordpress\/plugins\/seo\/ -->\n<title>\u201eSauberhafter Kindertag\u201c Dreieicher Kitas haben ein Zeichen f\u00fcr den Umweltschutz gesetzt! - DLB Dreieich<\/title>\n<meta name=\"robots\" content=\"noindex, follow\" \/>\n<meta property=\"og:locale\" content=\"de_DE\" \/>\n<meta property=\"og:type\" content=\"article\" \/>\n<meta property=\"og:title\" content=\"\u201eSauberhafter Kindertag\u201c Dreieicher Kitas haben ein Zeichen f\u00fcr den Umweltschutz gesetzt! - DLB Dreieich\" \/>\n<meta property=\"og:description\" content=\"Am \u201eSauberhaften Kindertag\u201c waren wieder die Umweltsch\u00fctzer von morgen unterwegs. An diesem Aktionstag haben sich Hunderte Kindertagesst\u00e4tten in ganz Hessen auf den [&hellip;]\" \/>\n<meta property=\"og:url\" content=\"https:\/\/dlb-aoer.de\/dreieich\/sauberhafter-kindertag-dreieicher-kitas-haben-ein-zeichen-fuer-den-umweltschutz-gesetzt\/\" \/>\n<meta property=\"og:site_name\" content=\"DLB Dreieich\" \/>\n<meta property=\"article:published_time\" content=\"2022-05-18T05:26:20+00:00\" \/>\n<meta property=\"article:modified_time\" content=\"2022-05-19T08:00:14+00:00\" \/>\n<meta property=\"og:image\" content=\"https:\/\/dlb-aoer.de\/dreieich\/wp-content\/uploads\/sites\/4\/2022\/05\/Lutz-van-Putz-in-Dreieich-1024x768.jpg\" \/>\n<meta name=\"author\" content=\"dlbcontent\" \/>\n<meta name=\"twitter:card\" content=\"summary_large_image\" \/>\n<meta name=\"twitter:label1\" content=\"Verfasst von\" \/>\n\t<meta name=\"twitter:data1\" content=\"dlbcontent\" \/>\n\t<meta name=\"twitter:label2\" content=\"Gesch\u00e4tzte Lesezeit\" \/>\n\t<meta name=\"twitter:data2\" content=\"3\u00a0Minuten\" \/>\n<script type=\"application\/ld+json\" class=\"yoast-schema-graph\">{\"@context\":\"https:\/\/schema.org\",\"@graph\":[{\"@type\":\"Article\",\"@id\":\"https:\/\/dlb-aoer.de\/dreieich\/sauberhafter-kindertag-dreieicher-kitas-haben-ein-zeichen-fuer-den-umweltschutz-gesetzt\/#article\",\"isPartOf\":{\"@id\":\"https:\/\/dlb-aoer.de\/dreieich\/sauberhafter-kindertag-dreieicher-kitas-haben-ein-zeichen-fuer-den-umweltschutz-gesetzt\/\"},\"author\":{\"name\":\"dlbcontent\",\"@id\":\"https:\/\/dlb-aoer.de\/dreieich\/#\/schema\/person\/ace12b78b8beb2c401214583e8abb0ea\"},\"headline\":\"\u201eSauberhafter Kindertag\u201c Dreieicher Kitas haben ein Zeichen f\u00fcr den Umweltschutz gesetzt!\",\"datePublished\":\"2022-05-18T05:26:20+00:00\",\"dateModified\":\"2022-05-19T08:00:14+00:00\",\"mainEntityOfPage\":{\"@id\":\"https:\/\/dlb-aoer.de\/dreieich\/sauberhafter-kindertag-dreieicher-kitas-haben-ein-zeichen-fuer-den-umweltschutz-gesetzt\/\"},\"wordCount\":512,\"publisher\":{\"@id\":\"https:\/\/dlb-aoer.de\/dreieich\/#organization\"},\"inLanguage\":\"de\"},{\"@type\":\"WebPage\",\"@id\":\"https:\/\/dlb-aoer.de\/dreieich\/sauberhafter-kindertag-dreieicher-kitas-haben-ein-zeichen-fuer-den-umweltschutz-gesetzt\/\",\"url\":\"https:\/\/dlb-aoer.de\/dreieich\/sauberhafter-kindertag-dreieicher-kitas-haben-ein-zeichen-fuer-den-umweltschutz-gesetzt\/\",\"name\":\"\u201eSauberhafter Kindertag\u201c Dreieicher Kitas haben ein Zeichen f\u00fcr den Umweltschutz gesetzt! - DLB Dreieich\",\"isPartOf\":{\"@id\":\"https:\/\/dlb-aoer.de\/dreieich\/#website\"},\"datePublished\":\"2022-05-18T05:26:20+00:00\",\"dateModified\":\"2022-05-19T08:00:14+00:00\",\"breadcrumb\":{\"@id\":\"https:\/\/dlb-aoer.de\/dreieich\/sauberhafter-kindertag-dreieicher-kitas-haben-ein-zeichen-fuer-den-umweltschutz-gesetzt\/#breadcrumb\"},\"inLanguage\":\"de\",\"potentialAction\":[{\"@type\":\"ReadAction\",\"target\":[\"https:\/\/dlb-aoer.de\/dreieich\/sauberhafter-kindertag-dreieicher-kitas-haben-ein-zeichen-fuer-den-umweltschutz-gesetzt\/\"]}]},{\"@type\":\"BreadcrumbList\",\"@id\":\"https:\/\/dlb-aoer.de\/dreieich\/sauberhafter-kindertag-dreieicher-kitas-haben-ein-zeichen-fuer-den-umweltschutz-gesetzt\/#breadcrumb\",\"itemListElement\":[{\"@type\":\"ListItem\",\"position\":1,\"name\":\"Startseite\",\"item\":\"https:\/\/dlb-aoer.de\/dreieich\/\"},{\"@type\":\"ListItem\",\"position\":2,\"name\":\"\u201eSauberhafter Kindertag\u201c Dreieicher Kitas haben ein Zeichen f\u00fcr den Umweltschutz gesetzt!\"}]},{\"@type\":\"WebSite\",\"@id\":\"https:\/\/dlb-aoer.de\/dreieich\/#website\",\"url\":\"https:\/\/dlb-aoer.de\/dreieich\/\",\"name\":\"DLB Dreieich\",\"description\":\"\",\"publisher\":{\"@id\":\"https:\/\/dlb-aoer.de\/dreieich\/#organization\"},\"potentialAction\":[{\"@type\":\"SearchAction\",\"target\":{\"@type\":\"EntryPoint\",\"urlTemplate\":\"https:\/\/dlb-aoer.de\/dreieich\/?s={search_term_string}\"},\"query-input\":\"required name=search_term_string\"}],\"inLanguage\":\"de\"},{\"@type\":\"Organization\",\"@id\":\"https:\/\/dlb-aoer.de\/dreieich\/#organization\",\"name\":\"Dienstleistungsbetrieb Dreieich und Neu-Isenburg A\u00f6R\",\"url\":\"https:\/\/dlb-aoer.de\/dreieich\/\",\"logo\":{\"@type\":\"ImageObject\",\"inLanguage\":\"de\",\"@id\":\"https:\/\/dlb-aoer.de\/dreieich\/#\/schema\/logo\/image\/\",\"url\":\"https:\/\/dlb-aoer.de\/dreieich\/wp-content\/uploads\/sites\/4\/2019\/10\/DLB_Logo_orange.svg\",\"contentUrl\":\"https:\/\/dlb-aoer.de\/dreieich\/wp-content\/uploads\/sites\/4\/2019\/10\/DLB_Logo_orange.svg\",\"width\":1,\"height\":1,\"caption\":\"Dienstleistungsbetrieb Dreieich und Neu-Isenburg A\u00f6R\"},\"image\":{\"@id\":\"https:\/\/dlb-aoer.de\/dreieich\/#\/schema\/logo\/image\/\"}},{\"@type\":\"Person\",\"@id\":\"https:\/\/dlb-aoer.de\/dreieich\/#\/schema\/person\/ace12b78b8beb2c401214583e8abb0ea\",\"name\":\"dlbcontent\",\"image\":{\"@type\":\"ImageObject\",\"inLanguage\":\"de\",\"@id\":\"https:\/\/dlb-aoer.de\/dreieich\/#\/schema\/person\/image\/\",\"url\":\"https:\/\/secure.gravatar.com\/avatar\/9b83944ad4bb586f5b061e177ec90421c57dc65897720d856030931fc4ed8394?s=96&d=mm&r=g\",\"contentUrl\":\"https:\/\/secure.gravatar.com\/avatar\/9b83944ad4bb586f5b061e177ec90421c57dc65897720d856030931fc4ed8394?s=96&d=mm&r=g\",\"caption\":\"dlbcontent\"}}]}<\/script>\n<!-- \/ Yoast SEO plugin. -->","yoast_head_json":{"title":"\u201eSauberhafter Kindertag\u201c Dreieicher Kitas haben ein Zeichen f\u00fcr den Umweltschutz gesetzt! - DLB Dreieich","robots":{"index":"noindex","follow":"follow"},"og_locale":"de_DE","og_type":"article","og_title":"\u201eSauberhafter Kindertag\u201c Dreieicher Kitas haben ein Zeichen f\u00fcr den Umweltschutz gesetzt! - DLB Dreieich","og_description":"Am \u201eSauberhaften Kindertag\u201c waren wieder die Umweltsch\u00fctzer von morgen unterwegs. An diesem Aktionstag haben sich Hunderte Kindertagesst\u00e4tten in ganz Hessen auf den [&hellip;]","og_url":"https:\/\/dlb-aoer.de\/dreieich\/sauberhafter-kindertag-dreieicher-kitas-haben-ein-zeichen-fuer-den-umweltschutz-gesetzt\/","og_site_name":"DLB Dreieich","article_published_time":"2022-05-18T05:26:20+00:00","article_modified_time":"2022-05-19T08:00:14+00:00","og_image":[{"url":"https:\/\/dlb-aoer.de\/dreieich\/wp-content\/uploads\/sites\/4\/2022\/05\/Lutz-van-Putz-in-Dreieich-1024x768.jpg"}],"author":"dlbcontent","twitter_card":"summary_large_image","twitter_misc":{"Verfasst von":"dlbcontent","Gesch\u00e4tzte Lesezeit":"3\u00a0Minuten"},"schema":{"@context":"https:\/\/schema.org","@graph":[{"@type":"Article","@id":"https:\/\/dlb-aoer.de\/dreieich\/sauberhafter-kindertag-dreieicher-kitas-haben-ein-zeichen-fuer-den-umweltschutz-gesetzt\/#article","isPartOf":{"@id":"https:\/\/dlb-aoer.de\/dreieich\/sauberhafter-kindertag-dreieicher-kitas-haben-ein-zeichen-fuer-den-umweltschutz-gesetzt\/"},"author":{"name":"dlbcontent","@id":"https:\/\/dlb-aoer.de\/dreieich\/#\/schema\/person\/ace12b78b8beb2c401214583e8abb0ea"},"headline":"\u201eSauberhafter Kindertag\u201c Dreieicher Kitas haben ein Zeichen f\u00fcr den Umweltschutz gesetzt!","datePublished":"2022-05-18T05:26:20+00:00","dateModified":"2022-05-19T08:00:14+00:00","mainEntityOfPage":{"@id":"https:\/\/dlb-aoer.de\/dreieich\/sauberhafter-kindertag-dreieicher-kitas-haben-ein-zeichen-fuer-den-umweltschutz-gesetzt\/"},"wordCount":512,"publisher":{"@id":"https:\/\/dlb-aoer.de\/dreieich\/#organization"},"inLanguage":"de"},{"@type":"WebPage","@id":"https:\/\/dlb-aoer.de\/dreieich\/sauberhafter-kindertag-dreieicher-kitas-haben-ein-zeichen-fuer-den-umweltschutz-gesetzt\/","url":"https:\/\/dlb-aoer.de\/dreieich\/sauberhafter-kindertag-dreieicher-kitas-haben-ein-zeichen-fuer-den-umweltschutz-gesetzt\/","name":"\u201eSauberhafter Kindertag\u201c Dreieicher Kitas haben ein Zeichen f\u00fcr den Umweltschutz gesetzt! - DLB Dreieich","isPartOf":{"@id":"https:\/\/dlb-aoer.de\/dreieich\/#website"},"datePublished":"2022-05-18T05:26:20+00:00","dateModified":"2022-05-19T08:00:14+00:00","breadcrumb":{"@id":"https:\/\/dlb-aoer.de\/dreieich\/sauberhafter-kindertag-dreieicher-kitas-haben-ein-zeichen-fuer-den-umweltschutz-gesetzt\/#breadcrumb"},"inLanguage":"de","potentialAction":[{"@type":"ReadAction","target":["https:\/\/dlb-aoer.de\/dreieich\/sauberhafter-kindertag-dreieicher-kitas-haben-ein-zeichen-fuer-den-umweltschutz-gesetzt\/"]}]},{"@type":"BreadcrumbList","@id":"https:\/\/dlb-aoer.de\/dreieich\/sauberhafter-kindertag-dreieicher-kitas-haben-ein-zeichen-fuer-den-umweltschutz-gesetzt\/#breadcrumb","itemListElement":[{"@type":"ListItem","position":1,"name":"Startseite","item":"https:\/\/dlb-aoer.de\/dreieich\/"},{"@type":"ListItem","position":2,"name":"\u201eSauberhafter Kindertag\u201c Dreieicher Kitas haben ein Zeichen f\u00fcr den Umweltschutz gesetzt!"}]},{"@type":"WebSite","@id":"https:\/\/dlb-aoer.de\/dreieich\/#website","url":"https:\/\/dlb-aoer.de\/dreieich\/","name":"DLB Dreieich","description":"","publisher":{"@id":"https:\/\/dlb-aoer.de\/dreieich\/#organization"},"potentialAction":[{"@type":"SearchAction","target":{"@type":"EntryPoint","urlTemplate":"https:\/\/dlb-aoer.de\/dreieich\/?s={search_term_string}"},"query-input":"required name=search_term_string"}],"inLanguage":"de"},{"@type":"Organization","@id":"https:\/\/dlb-aoer.de\/dreieich\/#organization","name":"Dienstleistungsbetrieb Dreieich und Neu-Isenburg A\u00f6R","url":"https:\/\/dlb-aoer.de\/dreieich\/","logo":{"@type":"ImageObject","inLanguage":"de","@id":"https:\/\/dlb-aoer.de\/dreieich\/#\/schema\/logo\/image\/","url":"https:\/\/dlb-aoer.de\/dreieich\/wp-content\/uploads\/sites\/4\/2019\/10\/DLB_Logo_orange.svg","contentUrl":"https:\/\/dlb-aoer.de\/dreieich\/wp-content\/uploads\/sites\/4\/2019\/10\/DLB_Logo_orange.svg","width":1,"height":1,"caption":"Dienstleistungsbetrieb Dreieich und Neu-Isenburg A\u00f6R"},"image":{"@id":"https:\/\/dlb-aoer.de\/dreieich\/#\/schema\/logo\/image\/"}},{"@type":"Person","@id":"https:\/\/dlb-aoer.de\/dreieich\/#\/schema\/person\/ace12b78b8beb2c401214583e8abb0ea","name":"dlbcontent","image":{"@type":"ImageObject","inLanguage":"de","@id":"https:\/\/dlb-aoer.de\/dreieich\/#\/schema\/person\/image\/","url":"https:\/\/secure.gravatar.com\/avatar\/9b83944ad4bb586f5b061e177ec90421c57dc65897720d856030931fc4ed8394?s=96&d=mm&r=g","contentUrl":"https:\/\/secure.gravatar.com\/avatar\/9b83944ad4bb586f5b061e177ec90421c57dc65897720d856030931fc4ed8394?s=96&d=mm&r=g","caption":"dlbcontent"}}]}},"_links":{"self":[{"href":"https:\/\/dlb-aoer.de\/dreieich\/wp-json\/wp\/v2\/posts\/2583","targetHints":{"allow":["GET"]}}],"collection":[{"href":"https:\/\/dlb-aoer.de\/dreieich\/wp-json\/wp\/v2\/posts"}],"about":[{"href":"https:\/\/dlb-aoer.de\/dreieich\/wp-json\/wp\/v2\/types\/post"}],"author":[{"embeddable":true,"href":"https:\/\/dlb-aoer.de\/dreieich\/wp-json\/wp\/v2\/users\/2"}],"replies":[{"embeddable":true,"href":"https:\/\/dlb-aoer.de\/dreieich\/wp-json\/wp\/v2\/comments?post=2583"}],"version-history":[{"count":8,"href":"https:\/\/dlb-aoer.de\/dreieich\/wp-json\/wp\/v2\/posts\/2583\/revisions"}],"predecessor-version":[{"id":2592,"href":"https:\/\/dlb-aoer.de\/dreieich\/wp-json\/wp\/v2\/posts\/2583\/revisions\/2592"}],"wp:attachment":[{"href":"https:\/\/dlb-aoer.de\/dreieich\/wp-json\/wp\/v2\/media?parent=2583"}],"wp:term":[{"taxonomy":"category","embeddable":true,"href":"https:\/\/dlb-aoer.de\/dreieich\/wp-json\/wp\/v2\/categories?post=2583"},{"taxonomy":"post_tag","embeddable":true,"href":"https:\/\/dlb-aoer.de\/dreieich\/wp-json\/wp\/v2\/tags?post=2583"}],"curies":[{"name":"wp","href":"https:\/\/api.w.org\/{rel}","templated":true}]}}