{"id":2568,"date":"2022-05-12T06:58:25","date_gmt":"2022-05-12T04:58:25","guid":{"rendered":"https:\/\/dlb-aoer.de\/dreieich\/?p=2568"},"modified":"2022-05-12T06:59:00","modified_gmt":"2022-05-12T04:59:00","slug":"baumfaellungen-im-stadtwald","status":"publish","type":"post","link":"https:\/\/dlb-aoer.de\/dreieich\/baumfaellungen-im-stadtwald\/","title":{"rendered":"Baumf\u00e4llungen im Stadtwald"},"content":{"rendered":"\t\t<div data-elementor-type=\"wp-post\" data-elementor-id=\"2568\" class=\"elementor elementor-2568\">\n\t\t\t\t\t\t\t\t\t<section class=\"elementor-section elementor-top-section elementor-element elementor-element-6d56fcf elementor-section-boxed elementor-section-height-default elementor-section-height-default\" data-id=\"6d56fcf\" data-element_type=\"section\">\n\t\t\t\t\t\t<div class=\"elementor-container elementor-column-gap-default\">\n\t\t\t\t\t<div class=\"elementor-column elementor-col-100 elementor-top-column elementor-element elementor-element-1e1815d\" data-id=\"1e1815d\" data-element_type=\"column\">\n\t\t\t<div class=\"elementor-widget-wrap elementor-element-populated\">\n\t\t\t\t\t\t\t\t<div class=\"elementor-element elementor-element-06be06e elementor-widget elementor-widget-text-editor\" data-id=\"06be06e\" data-element_type=\"widget\" data-widget_type=\"text-editor.default\">\n\t\t\t\t<div class=\"elementor-widget-container\">\n\t\t\t\t\t\t\t<h6>Zur Herstellung der Verkehrssicherheit: Baumf\u00e4llungen im Stadtwald<\/h6><p>Im Stadtwald von Dreieich werden voraussichtlich am Samstag, 14. Mai, 46 B\u00e4ume entlang von Stra\u00dfen aus Gr\u00fcnden der Verkehrssicherheit gef\u00e4llt. Deshalb kann es an diesem Tag zu Verkehrsbehinderungen an der Offenbacher Stra\u00dfe, Darmst\u00e4dter Stra\u00dfe, Koberst\u00e4dter Stra\u00dfe und An der Trift kommen.<\/p><p>Im Auftrag von Hessen Forst wird eine Fachfirma die B\u00e4ume f\u00e4llen. Alle zu f\u00e4llenden B\u00e4ume haben Trockensch\u00e4den als Folge der zur\u00fcckliegenden hei\u00dfen Sommer und sind bereits ganz oder gr\u00f6\u00dftenteils abgestorben.<\/p><p>\u201eViele absterbende Buchen konnten erst jetzt nach dem Laubaustrieb festgestellt werden. Die F\u00e4llungen sind unumg\u00e4nglich und m\u00fcssen unverz\u00fcglich erfolgen, um die Verkehrssicherheit zu gew\u00e4hrleisten. Ein Verschieben auf den Herbst ist deshalb leider nicht m\u00f6glich. Aus diesem Grund wurde eine Artenschutzkontrolle an den B\u00e4umen durchgef\u00fchrt und die Ma\u00dfnahme mit der Unteren Naturschutzbeh\u00f6rde abgestimmt. Zwei Baumst\u00e4mme bleiben als Baumtorso zur Lebensraumerhaltung von Tieren erhalten\u201c, erl\u00e4utert Sylvio J\u00e4ckel von der DLB A\u00f6R die Vorgehensweise.<\/p><p>F\u00fcr die F\u00e4llung ist es erforderlich, dass der Verkehr am Samstag mehrfach f\u00fcr jeweils wenige Minuten angehalten wird. Dies wird mittels einer mobilen Ampelanlage erfolgen. <br \/>Dies betrifft die Koberst\u00e4dter Stra\u00dfe (Ortseingang H\u00f6he TVD-Halle), Darmst\u00e4dter Stra\u00dfe (Ortseingang aus Richtung Langen), Offenbacher Stra\u00dfe (Ortseingang aus Richtung Neu-Isenburg) und An der Trift (H\u00f6he Gewerbegebiet).<br \/>Voraussichtlich werden die Arbeiten den ganzen Tag in Anspruch nehmen. Um die Auswirkungen auf den Verkehr so gering wie m\u00f6glich zu halten, werden sie an einem Wochenendtag vorgenommen.<\/p>\t\t\t\t\t\t<\/div>\n\t\t\t\t<\/div>\n\t\t\t\t\t<\/div>\n\t\t<\/div>\n\t\t\t\t\t\t\t<\/div>\n\t\t<\/section>\n\t\t\t\t\t\t\t<\/div>\n\t\t","protected":false},"excerpt":{"rendered":"<p>Zur Herstellung der Verkehrssicherheit: Baumf\u00e4llungen im Stadtwald Im Stadtwald von Dreieich werden voraussichtlich am Samstag, 14. Mai, 46 B\u00e4ume entlang von Stra\u00dfen [&hellip;]<\/p>\n","protected":false},"author":2,"featured_media":0,"comment_status":"closed","ping_status":"closed","sticky":false,"template":"","format":"standard","meta":{"inline_featured_image":false,"footnotes":"","_links_to":"","_links_to_target":""},"categories":[1],"tags":[],"class_list":["post-2568","post","type-post","status-publish","format-standard","hentry","category-allgemein"],"yoast_head":"<!-- This site is optimized with the Yoast SEO plugin v21.6 - https:\/\/yoast.com\/wordpress\/plugins\/seo\/ -->\n<title>Baumf\u00e4llungen im Stadtwald - DLB Dreieich<\/title>\n<meta name=\"robots\" content=\"noindex, follow\" \/>\n<meta property=\"og:locale\" content=\"de_DE\" \/>\n<meta property=\"og:type\" content=\"article\" \/>\n<meta property=\"og:title\" content=\"Baumf\u00e4llungen im Stadtwald - DLB Dreieich\" \/>\n<meta property=\"og:description\" content=\"Zur Herstellung der Verkehrssicherheit: Baumf\u00e4llungen im Stadtwald Im Stadtwald von Dreieich werden voraussichtlich am Samstag, 14. Mai, 46 B\u00e4ume entlang von Stra\u00dfen [&hellip;]\" \/>\n<meta property=\"og:url\" content=\"https:\/\/dlb-aoer.de\/dreieich\/baumfaellungen-im-stadtwald\/\" \/>\n<meta property=\"og:site_name\" content=\"DLB Dreieich\" \/>\n<meta property=\"article:published_time\" content=\"2022-05-12T04:58:25+00:00\" \/>\n<meta property=\"article:modified_time\" content=\"2022-05-12T04:59:00+00:00\" \/>\n<meta name=\"author\" content=\"dlbcontent\" \/>\n<meta name=\"twitter:card\" content=\"summary_large_image\" \/>\n<meta name=\"twitter:label1\" content=\"Verfasst von\" \/>\n\t<meta name=\"twitter:data1\" content=\"dlbcontent\" \/>\n\t<meta name=\"twitter:label2\" content=\"Gesch\u00e4tzte Lesezeit\" \/>\n\t<meta name=\"twitter:data2\" content=\"1\u00a0Minute\" \/>\n<script type=\"application\/ld+json\" class=\"yoast-schema-graph\">{\"@context\":\"https:\/\/schema.org\",\"@graph\":[{\"@type\":\"Article\",\"@id\":\"https:\/\/dlb-aoer.de\/dreieich\/baumfaellungen-im-stadtwald\/#article\",\"isPartOf\":{\"@id\":\"https:\/\/dlb-aoer.de\/dreieich\/baumfaellungen-im-stadtwald\/\"},\"author\":{\"name\":\"dlbcontent\",\"@id\":\"https:\/\/dlb-aoer.de\/dreieich\/#\/schema\/person\/ace12b78b8beb2c401214583e8abb0ea\"},\"headline\":\"Baumf\u00e4llungen im Stadtwald\",\"datePublished\":\"2022-05-12T04:58:25+00:00\",\"dateModified\":\"2022-05-12T04:59:00+00:00\",\"mainEntityOfPage\":{\"@id\":\"https:\/\/dlb-aoer.de\/dreieich\/baumfaellungen-im-stadtwald\/\"},\"wordCount\":273,\"publisher\":{\"@id\":\"https:\/\/dlb-aoer.de\/dreieich\/#organization\"},\"inLanguage\":\"de\"},{\"@type\":\"WebPage\",\"@id\":\"https:\/\/dlb-aoer.de\/dreieich\/baumfaellungen-im-stadtwald\/\",\"url\":\"https:\/\/dlb-aoer.de\/dreieich\/baumfaellungen-im-stadtwald\/\",\"name\":\"Baumf\u00e4llungen im Stadtwald - DLB Dreieich\",\"isPartOf\":{\"@id\":\"https:\/\/dlb-aoer.de\/dreieich\/#website\"},\"datePublished\":\"2022-05-12T04:58:25+00:00\",\"dateModified\":\"2022-05-12T04:59:00+00:00\",\"breadcrumb\":{\"@id\":\"https:\/\/dlb-aoer.de\/dreieich\/baumfaellungen-im-stadtwald\/#breadcrumb\"},\"inLanguage\":\"de\",\"potentialAction\":[{\"@type\":\"ReadAction\",\"target\":[\"https:\/\/dlb-aoer.de\/dreieich\/baumfaellungen-im-stadtwald\/\"]}]},{\"@type\":\"BreadcrumbList\",\"@id\":\"https:\/\/dlb-aoer.de\/dreieich\/baumfaellungen-im-stadtwald\/#breadcrumb\",\"itemListElement\":[{\"@type\":\"ListItem\",\"position\":1,\"name\":\"Startseite\",\"item\":\"https:\/\/dlb-aoer.de\/dreieich\/\"},{\"@type\":\"ListItem\",\"position\":2,\"name\":\"Baumf\u00e4llungen im Stadtwald\"}]},{\"@type\":\"WebSite\",\"@id\":\"https:\/\/dlb-aoer.de\/dreieich\/#website\",\"url\":\"https:\/\/dlb-aoer.de\/dreieich\/\",\"name\":\"DLB Dreieich\",\"description\":\"\",\"publisher\":{\"@id\":\"https:\/\/dlb-aoer.de\/dreieich\/#organization\"},\"potentialAction\":[{\"@type\":\"SearchAction\",\"target\":{\"@type\":\"EntryPoint\",\"urlTemplate\":\"https:\/\/dlb-aoer.de\/dreieich\/?s={search_term_string}\"},\"query-input\":\"required name=search_term_string\"}],\"inLanguage\":\"de\"},{\"@type\":\"Organization\",\"@id\":\"https:\/\/dlb-aoer.de\/dreieich\/#organization\",\"name\":\"Dienstleistungsbetrieb Dreieich und Neu-Isenburg A\u00f6R\",\"url\":\"https:\/\/dlb-aoer.de\/dreieich\/\",\"logo\":{\"@type\":\"ImageObject\",\"inLanguage\":\"de\",\"@id\":\"https:\/\/dlb-aoer.de\/dreieich\/#\/schema\/logo\/image\/\",\"url\":\"https:\/\/dlb-aoer.de\/dreieich\/wp-content\/uploads\/sites\/4\/2019\/10\/DLB_Logo_orange.svg\",\"contentUrl\":\"https:\/\/dlb-aoer.de\/dreieich\/wp-content\/uploads\/sites\/4\/2019\/10\/DLB_Logo_orange.svg\",\"width\":1,\"height\":1,\"caption\":\"Dienstleistungsbetrieb Dreieich und Neu-Isenburg A\u00f6R\"},\"image\":{\"@id\":\"https:\/\/dlb-aoer.de\/dreieich\/#\/schema\/logo\/image\/\"}},{\"@type\":\"Person\",\"@id\":\"https:\/\/dlb-aoer.de\/dreieich\/#\/schema\/person\/ace12b78b8beb2c401214583e8abb0ea\",\"name\":\"dlbcontent\",\"image\":{\"@type\":\"ImageObject\",\"inLanguage\":\"de\",\"@id\":\"https:\/\/dlb-aoer.de\/dreieich\/#\/schema\/person\/image\/\",\"url\":\"https:\/\/secure.gravatar.com\/avatar\/9b83944ad4bb586f5b061e177ec90421c57dc65897720d856030931fc4ed8394?s=96&d=mm&r=g\",\"contentUrl\":\"https:\/\/secure.gravatar.com\/avatar\/9b83944ad4bb586f5b061e177ec90421c57dc65897720d856030931fc4ed8394?s=96&d=mm&r=g\",\"caption\":\"dlbcontent\"}}]}<\/script>\n<!-- \/ Yoast SEO plugin. -->","yoast_head_json":{"title":"Baumf\u00e4llungen im Stadtwald - DLB Dreieich","robots":{"index":"noindex","follow":"follow"},"og_locale":"de_DE","og_type":"article","og_title":"Baumf\u00e4llungen im Stadtwald - DLB Dreieich","og_description":"Zur Herstellung der Verkehrssicherheit: Baumf\u00e4llungen im Stadtwald Im Stadtwald von Dreieich werden voraussichtlich am Samstag, 14. Mai, 46 B\u00e4ume entlang von Stra\u00dfen [&hellip;]","og_url":"https:\/\/dlb-aoer.de\/dreieich\/baumfaellungen-im-stadtwald\/","og_site_name":"DLB Dreieich","article_published_time":"2022-05-12T04:58:25+00:00","article_modified_time":"2022-05-12T04:59:00+00:00","author":"dlbcontent","twitter_card":"summary_large_image","twitter_misc":{"Verfasst von":"dlbcontent","Gesch\u00e4tzte Lesezeit":"1\u00a0Minute"},"schema":{"@context":"https:\/\/schema.org","@graph":[{"@type":"Article","@id":"https:\/\/dlb-aoer.de\/dreieich\/baumfaellungen-im-stadtwald\/#article","isPartOf":{"@id":"https:\/\/dlb-aoer.de\/dreieich\/baumfaellungen-im-stadtwald\/"},"author":{"name":"dlbcontent","@id":"https:\/\/dlb-aoer.de\/dreieich\/#\/schema\/person\/ace12b78b8beb2c401214583e8abb0ea"},"headline":"Baumf\u00e4llungen im Stadtwald","datePublished":"2022-05-12T04:58:25+00:00","dateModified":"2022-05-12T04:59:00+00:00","mainEntityOfPage":{"@id":"https:\/\/dlb-aoer.de\/dreieich\/baumfaellungen-im-stadtwald\/"},"wordCount":273,"publisher":{"@id":"https:\/\/dlb-aoer.de\/dreieich\/#organization"},"inLanguage":"de"},{"@type":"WebPage","@id":"https:\/\/dlb-aoer.de\/dreieich\/baumfaellungen-im-stadtwald\/","url":"https:\/\/dlb-aoer.de\/dreieich\/baumfaellungen-im-stadtwald\/","name":"Baumf\u00e4llungen im Stadtwald - DLB Dreieich","isPartOf":{"@id":"https:\/\/dlb-aoer.de\/dreieich\/#website"},"datePublished":"2022-05-12T04:58:25+00:00","dateModified":"2022-05-12T04:59:00+00:00","breadcrumb":{"@id":"https:\/\/dlb-aoer.de\/dreieich\/baumfaellungen-im-stadtwald\/#breadcrumb"},"inLanguage":"de","potentialAction":[{"@type":"ReadAction","target":["https:\/\/dlb-aoer.de\/dreieich\/baumfaellungen-im-stadtwald\/"]}]},{"@type":"BreadcrumbList","@id":"https:\/\/dlb-aoer.de\/dreieich\/baumfaellungen-im-stadtwald\/#breadcrumb","itemListElement":[{"@type":"ListItem","position":1,"name":"Startseite","item":"https:\/\/dlb-aoer.de\/dreieich\/"},{"@type":"ListItem","position":2,"name":"Baumf\u00e4llungen im Stadtwald"}]},{"@type":"WebSite","@id":"https:\/\/dlb-aoer.de\/dreieich\/#website","url":"https:\/\/dlb-aoer.de\/dreieich\/","name":"DLB Dreieich","description":"","publisher":{"@id":"https:\/\/dlb-aoer.de\/dreieich\/#organization"},"potentialAction":[{"@type":"SearchAction","target":{"@type":"EntryPoint","urlTemplate":"https:\/\/dlb-aoer.de\/dreieich\/?s={search_term_string}"},"query-input":"required name=search_term_string"}],"inLanguage":"de"},{"@type":"Organization","@id":"https:\/\/dlb-aoer.de\/dreieich\/#organization","name":"Dienstleistungsbetrieb Dreieich und Neu-Isenburg A\u00f6R","url":"https:\/\/dlb-aoer.de\/dreieich\/","logo":{"@type":"ImageObject","inLanguage":"de","@id":"https:\/\/dlb-aoer.de\/dreieich\/#\/schema\/logo\/image\/","url":"https:\/\/dlb-aoer.de\/dreieich\/wp-content\/uploads\/sites\/4\/2019\/10\/DLB_Logo_orange.svg","contentUrl":"https:\/\/dlb-aoer.de\/dreieich\/wp-content\/uploads\/sites\/4\/2019\/10\/DLB_Logo_orange.svg","width":1,"height":1,"caption":"Dienstleistungsbetrieb Dreieich und Neu-Isenburg A\u00f6R"},"image":{"@id":"https:\/\/dlb-aoer.de\/dreieich\/#\/schema\/logo\/image\/"}},{"@type":"Person","@id":"https:\/\/dlb-aoer.de\/dreieich\/#\/schema\/person\/ace12b78b8beb2c401214583e8abb0ea","name":"dlbcontent","image":{"@type":"ImageObject","inLanguage":"de","@id":"https:\/\/dlb-aoer.de\/dreieich\/#\/schema\/person\/image\/","url":"https:\/\/secure.gravatar.com\/avatar\/9b83944ad4bb586f5b061e177ec90421c57dc65897720d856030931fc4ed8394?s=96&d=mm&r=g","contentUrl":"https:\/\/secure.gravatar.com\/avatar\/9b83944ad4bb586f5b061e177ec90421c57dc65897720d856030931fc4ed8394?s=96&d=mm&r=g","caption":"dlbcontent"}}]}},"_links":{"self":[{"href":"https:\/\/dlb-aoer.de\/dreieich\/wp-json\/wp\/v2\/posts\/2568","targetHints":{"allow":["GET"]}}],"collection":[{"href":"https:\/\/dlb-aoer.de\/dreieich\/wp-json\/wp\/v2\/posts"}],"about":[{"href":"https:\/\/dlb-aoer.de\/dreieich\/wp-json\/wp\/v2\/types\/post"}],"author":[{"embeddable":true,"href":"https:\/\/dlb-aoer.de\/dreieich\/wp-json\/wp\/v2\/users\/2"}],"replies":[{"embeddable":true,"href":"https:\/\/dlb-aoer.de\/dreieich\/wp-json\/wp\/v2\/comments?post=2568"}],"version-history":[{"count":2,"href":"https:\/\/dlb-aoer.de\/dreieich\/wp-json\/wp\/v2\/posts\/2568\/revisions"}],"predecessor-version":[{"id":2570,"href":"https:\/\/dlb-aoer.de\/dreieich\/wp-json\/wp\/v2\/posts\/2568\/revisions\/2570"}],"wp:attachment":[{"href":"https:\/\/dlb-aoer.de\/dreieich\/wp-json\/wp\/v2\/media?parent=2568"}],"wp:term":[{"taxonomy":"category","embeddable":true,"href":"https:\/\/dlb-aoer.de\/dreieich\/wp-json\/wp\/v2\/categories?post=2568"},{"taxonomy":"post_tag","embeddable":true,"href":"https:\/\/dlb-aoer.de\/dreieich\/wp-json\/wp\/v2\/tags?post=2568"}],"curies":[{"name":"wp","href":"https:\/\/api.w.org\/{rel}","templated":true}]}}